{"id":117626,"date":"2024-04-22T14:21:38","date_gmt":"2024-04-22T19:21:38","guid":{"rendered":"https:\/\/diariodigitalmx.com\/?p=117626"},"modified":"2024-04-22T14:22:27","modified_gmt":"2024-04-22T19:22:27","slug":"voto-24-en-nl-establece-hector-garcia-compromiso-de-ampliacion-del-metro-hasta-juarez","status":"publish","type":"post","link":"https:\/\/diariodigitalmx.com\/index.php\/2024\/04\/22\/voto-24-en-nl-establece-hector-garcia-compromiso-de-ampliacion-del-metro-hasta-juarez\/","title":{"rendered":"Voto 24 en NL; Establece H\u00e9ctor Garc\u00eda compromiso de ampliaci\u00f3n del Metro hasta Ju\u00e1rez"},"content":{"rendered":"\n<p>El compromiso es gestionar la construcci\u00f3n de 14 kil\u00f3metros del metro, que incluir\u00e1 13 estaciones intermedias y una terminal en el municipio de Ju\u00e1rez, con el apoyo de los candidatos a diputados federales y locales de MC, quienes se sumaron para lograr que esta magna obra de movilidad, sea una realidad.<\/p>\n\n\n\n<p>H\u00e9ctor Garc\u00eda, candidato a la Alcald\u00eda de Guadalupe por Movimiento Ciudadano destac\u00f3 que a los municipios les tocar\u00e1 realizar estudios t\u00e9cnicos, brindar las facilidades y mejorar los servicios en las colonias, como vialidades nuevas para que junto con la ampliaci\u00f3n del Metro, los traslados sean en menor tiempo.<\/p>\n\n\n\n<p>\u201cMe comprometo que cuando sea Alcalde de Guadalupe, inmediatamente expedir\u00e9 los permisos para esta gran obra, me comprometo a facilitar recursos, los que sean necesarios para que lleguemos hasta la entrada de Ju\u00e1rez para que este sue\u00f1o sea una realidad\u201d.<\/p>\n\n\n\n<p>H\u00e9ctor Garc\u00eda refrend\u00f3 el compromiso junto con el abanderado en Juarez, F\u00e9lix Arratia para la gesti\u00f3n de ampliar la l\u00ednea 1 del Metro.<\/p>\n\n\n\n<p>Atestiguaron la presentaci\u00f3n del nuevo compromiso, las candidatas y candidatos a diputaciones locales y federales de MC.<\/p>\n","protected":false},"excerpt":{"rendered":"<p>El compromiso es gestionar la construcci\u00f3n de 14 kil\u00f3metros del metro, que incluir\u00e1 13 estaciones intermedias y una terminal en el municipio de Ju\u00e1rez, con el apoyo de los candidatos a diputados federales y locales de MC, quienes se sumaron para lograr que esta magna obra de movilidad, sea una realidad. H\u00e9ctor Garc\u00eda, candidato a [&hellip;]<\/p>\n","protected":false},"author":1,"featured_media":117628,"comment_status":"open","ping_status":"open","sticky":true,"template":"","format":"standard","meta":{"footnotes":""},"categories":[6,5],"tags":[],"_links":{"self":[{"href":"https:\/\/diariodigitalmx.com\/index.php\/wp-json\/wp\/v2\/posts\/117626"}],"collection":[{"href":"https:\/\/diariodigitalmx.com\/index.php\/wp-json\/wp\/v2\/posts"}],"about":[{"href":"https:\/\/diariodigitalmx.com\/index.php\/wp-json\/wp\/v2\/types\/post"}],"author":[{"embeddable":true,"href":"https:\/\/diariodigitalmx.com\/index.php\/wp-json\/wp\/v2\/users\/1"}],"replies":[{"embeddable":true,"href":"https:\/\/diariodigitalmx.com\/index.php\/wp-json\/wp\/v2\/comments?post=117626"}],"version-history":[{"count":1,"href":"https:\/\/diariodigitalmx.com\/index.php\/wp-json\/wp\/v2\/posts\/117626\/revisions"}],"predecessor-version":[{"id":117627,"href":"https:\/\/diariodigitalmx.com\/index.php\/wp-json\/wp\/v2\/posts\/117626\/revisions\/117627"}],"wp:featuredmedia":[{"embeddable":true,"href":"https:\/\/diariodigitalmx.com\/index.php\/wp-json\/wp\/v2\/media\/117628"}],"wp:attachment":[{"href":"https:\/\/diariodigitalmx.com\/index.php\/wp-json\/wp\/v2\/media?parent=117626"}],"wp:term":[{"taxonomy":"category","embeddable":true,"href":"https:\/\/diariodigitalmx.com\/index.php\/wp-json\/wp\/v2\/categories?post=117626"},{"taxonomy":"post_tag","embeddable":true,"href":"https:\/\/diariodigitalmx.com\/index.php\/wp-json\/wp\/v2\/tags?post=117626"}],"curies":[{"name":"wp","href":"https:\/\/api.w.org\/{rel}","templated":true}]}}