{"id":117633,"date":"2024-04-22T19:47:45","date_gmt":"2024-04-23T00:47:45","guid":{"rendered":"https:\/\/diariodigitalmx.com\/?p=117633"},"modified":"2024-04-22T19:50:59","modified_gmt":"2024-04-23T00:50:59","slug":"proyecta-adrian-de-la-garza-programa-de-desarrollo-urbano-para-mejor-movilidad","status":"publish","type":"post","link":"https:\/\/diariodigitalmx.com\/index.php\/2024\/04\/22\/proyecta-adrian-de-la-garza-programa-de-desarrollo-urbano-para-mejor-movilidad\/","title":{"rendered":"Proyecta Adri\u00e1n de la Garza programa de Desarrollo Urbano para mejor movilidad"},"content":{"rendered":"\n<p><em>Anuncia parte de su estrategia ante vecino de la colonia San \u00c1ngel, al sur de Monterrey<\/em><\/p>\n\n\n\n<p>De visita por el sur de la ciudad, Adri\u00e1n de la Garza Santos, candidato a la alcald\u00eda de Monterrey por la alianza \u201cFuerza y coraz\u00f3n por Nuevo Le\u00f3n\u201d, adelant\u00f3 una parte de su proyecto para atender la movilidad en el sector.<\/p>\n\n\n\n<figure class=\"wp-block-gallery has-nested-images columns-default is-cropped wp-block-gallery-1 is-layout-flex wp-block-gallery-is-layout-flex\">\n<figure class=\"wp-block-image size-large\"><img loading=\"lazy\" decoding=\"async\" width=\"1024\" height=\"682\" data-id=\"117644\" src=\"https:\/\/diariodigitalmx.com\/wp-content\/uploads\/2024\/04\/IMG-20240422-WA0118-1024x682.jpg\" alt=\"\" class=\"wp-image-117644\" srcset=\"https:\/\/diariodigitalmx.com\/wp-content\/uploads\/2024\/04\/IMG-20240422-WA0118-1024x682.jpg 1024w, https:\/\/diariodigitalmx.com\/wp-content\/uploads\/2024\/04\/IMG-20240422-WA0118-300x200.jpg 300w, https:\/\/diariodigitalmx.com\/wp-content\/uploads\/2024\/04\/IMG-20240422-WA0118-768x512.jpg 768w, https:\/\/diariodigitalmx.com\/wp-content\/uploads\/2024\/04\/IMG-20240422-WA0118-1536x1023.jpg 1536w, https:\/\/diariodigitalmx.com\/wp-content\/uploads\/2024\/04\/IMG-20240422-WA0118.jpg 1600w\" sizes=\"(max-width: 1024px) 100vw, 1024px\" \/><\/figure>\n\n\n\n<figure class=\"wp-block-image size-large\"><img loading=\"lazy\" decoding=\"async\" width=\"1024\" height=\"682\" data-id=\"117645\" src=\"https:\/\/diariodigitalmx.com\/wp-content\/uploads\/2024\/04\/IMG-20240422-WA0119-1024x682.jpg\" alt=\"\" class=\"wp-image-117645\" srcset=\"https:\/\/diariodigitalmx.com\/wp-content\/uploads\/2024\/04\/IMG-20240422-WA0119-1024x682.jpg 1024w, https:\/\/diariodigitalmx.com\/wp-content\/uploads\/2024\/04\/IMG-20240422-WA0119-300x200.jpg 300w, https:\/\/diariodigitalmx.com\/wp-content\/uploads\/2024\/04\/IMG-20240422-WA0119-768x512.jpg 768w, https:\/\/diariodigitalmx.com\/wp-content\/uploads\/2024\/04\/IMG-20240422-WA0119-1536x1023.jpg 1536w, https:\/\/diariodigitalmx.com\/wp-content\/uploads\/2024\/04\/IMG-20240422-WA0119.jpg 1600w\" sizes=\"(max-width: 1024px) 100vw, 1024px\" \/><\/figure>\n<\/figure>\n\n\n\n<p>Entre porras y c\u00e1nticos de bienvenida externados por vecinos de la colonia San \u00c1ngel, mejor conocida como Los Remates, el aspirante record\u00f3 que en sus anteriores administraciones benefici\u00f3 a la zona con sus programas m\u00e1s representativos como Transformando Monterrey, Regularizaci\u00f3n de la Tierra, \u00datiles, \u00fatiles y las acciones para combatir el COVID.<\/p>\n\n\n\n<figure class=\"wp-block-image size-full\"><img loading=\"lazy\" decoding=\"async\" width=\"800\" height=\"445\" src=\"https:\/\/diariodigitalmx.com\/wp-content\/uploads\/2024\/04\/IMG-20240422-WA0142.jpg\" alt=\"\" class=\"wp-image-117636\" srcset=\"https:\/\/diariodigitalmx.com\/wp-content\/uploads\/2024\/04\/IMG-20240422-WA0142.jpg 800w, https:\/\/diariodigitalmx.com\/wp-content\/uploads\/2024\/04\/IMG-20240422-WA0142-300x167.jpg 300w, https:\/\/diariodigitalmx.com\/wp-content\/uploads\/2024\/04\/IMG-20240422-WA0142-768x427.jpg 768w\" sizes=\"(max-width: 800px) 100vw, 800px\" \/><\/figure>\n\n\n\n<p>Adelant\u00f3 que los habitantes le solicitan de nueva cuenta esos proyectos, lo que el candidato ofreci\u00f3 hacer en cuanto llegue al Gobierno municipal.<\/p>\n\n\n\n<p>Como es sabido, uno de los principales problemas del sur de la ciudad es el tr\u00e1fico intenso en distintos horarios, lo cual tambi\u00e9n ser\u00e1 atendido por De la Garza.<\/p>\n\n\n\n<figure class=\"wp-block-image size-large\"><img loading=\"lazy\" decoding=\"async\" width=\"683\" height=\"1024\" src=\"https:\/\/diariodigitalmx.com\/wp-content\/uploads\/2024\/04\/IMG-20240422-WA0120-683x1024.jpg\" alt=\"\" class=\"wp-image-117639\" srcset=\"https:\/\/diariodigitalmx.com\/wp-content\/uploads\/2024\/04\/IMG-20240422-WA0120-683x1024.jpg 683w, https:\/\/diariodigitalmx.com\/wp-content\/uploads\/2024\/04\/IMG-20240422-WA0120-200x300.jpg 200w, https:\/\/diariodigitalmx.com\/wp-content\/uploads\/2024\/04\/IMG-20240422-WA0120-768x1152.jpg 768w, https:\/\/diariodigitalmx.com\/wp-content\/uploads\/2024\/04\/IMG-20240422-WA0120-1024x1536.jpg 1024w, https:\/\/diariodigitalmx.com\/wp-content\/uploads\/2024\/04\/IMG-20240422-WA0120.jpg 1067w\" sizes=\"(max-width: 683px) 100vw, 683px\" \/><\/figure>\n\n\n\n<p>\u201cDentro del programa de Desarrollo Urbano para una mejor movilidad estamos previendo algunas habilitaciones de arterias que nos permitir\u00e1n tener una mejor movilidad, no nada m\u00e1s en esta zona de la ciudad, sino en diferentes puntos en donde hemos detectado situaciones dif\u00edciles, sobre todo en horas pico, ya sea en la ma\u00f1ana, en la noche, adem\u00e1s de la habilitaci\u00f3n de arterias, el transporte p\u00fablico es fundamental\u201d, explic\u00f3.<\/p>\n\n\n\n<figure class=\"wp-block-image size-large\"><img loading=\"lazy\" decoding=\"async\" width=\"682\" height=\"1024\" src=\"https:\/\/diariodigitalmx.com\/wp-content\/uploads\/2024\/04\/IMG-20240422-WA0116-682x1024.jpg\" alt=\"\" class=\"wp-image-117641\" srcset=\"https:\/\/diariodigitalmx.com\/wp-content\/uploads\/2024\/04\/IMG-20240422-WA0116-682x1024.jpg 682w, https:\/\/diariodigitalmx.com\/wp-content\/uploads\/2024\/04\/IMG-20240422-WA0116-200x300.jpg 200w, https:\/\/diariodigitalmx.com\/wp-content\/uploads\/2024\/04\/IMG-20240422-WA0116-768x1153.jpg 768w, https:\/\/diariodigitalmx.com\/wp-content\/uploads\/2024\/04\/IMG-20240422-WA0116-1023x1536.jpg 1023w, https:\/\/diariodigitalmx.com\/wp-content\/uploads\/2024\/04\/IMG-20240422-WA0116.jpg 1066w\" sizes=\"(max-width: 682px) 100vw, 682px\" \/><\/figure>\n\n\n\n<p>Como ya lo ha comentado en otros recorridos, dijo que, aunque no es responsabilidad municipal, invertir\u00e1 en transporte con el \u00fanico fin de dotar a los ciudadanos de unidades que les permitan pasar menos tiempo en los traslados y en la espera de alguna ruta.<\/p>\n","protected":false},"excerpt":{"rendered":"<p>Anuncia parte de su estrategia ante vecino de la colonia San \u00c1ngel, al sur de Monterrey De visita por el sur de la ciudad, Adri\u00e1n de la Garza Santos, candidato a la alcald\u00eda de Monterrey por la alianza \u201cFuerza y coraz\u00f3n por Nuevo Le\u00f3n\u201d, adelant\u00f3 una parte de su proyecto para atender la movilidad en [&hellip;]<\/p>\n","protected":false},"author":1,"featured_media":117635,"comment_status":"open","ping_status":"open","sticky":true,"template":"","format":"standard","meta":{"footnotes":""},"categories":[6,5],"tags":[],"_links":{"self":[{"href":"https:\/\/diariodigitalmx.com\/index.php\/wp-json\/wp\/v2\/posts\/117633"}],"collection":[{"href":"https:\/\/diariodigitalmx.com\/index.php\/wp-json\/wp\/v2\/posts"}],"about":[{"href":"https:\/\/diariodigitalmx.com\/index.php\/wp-json\/wp\/v2\/types\/post"}],"author":[{"embeddable":true,"href":"https:\/\/diariodigitalmx.com\/index.php\/wp-json\/wp\/v2\/users\/1"}],"replies":[{"embeddable":true,"href":"https:\/\/diariodigitalmx.com\/index.php\/wp-json\/wp\/v2\/comments?post=117633"}],"version-history":[{"count":5,"href":"https:\/\/diariodigitalmx.com\/index.php\/wp-json\/wp\/v2\/posts\/117633\/revisions"}],"predecessor-version":[{"id":117646,"href":"https:\/\/diariodigitalmx.com\/index.php\/wp-json\/wp\/v2\/posts\/117633\/revisions\/117646"}],"wp:featuredmedia":[{"embeddable":true,"href":"https:\/\/diariodigitalmx.com\/index.php\/wp-json\/wp\/v2\/media\/117635"}],"wp:attachment":[{"href":"https:\/\/diariodigitalmx.com\/index.php\/wp-json\/wp\/v2\/media?parent=117633"}],"wp:term":[{"taxonomy":"category","embeddable":true,"href":"https:\/\/diariodigitalmx.com\/index.php\/wp-json\/wp\/v2\/categories?post=117633"},{"taxonomy":"post_tag","embeddable":true,"href":"https:\/\/diariodigitalmx.com\/index.php\/wp-json\/wp\/v2\/tags?post=117633"}],"curies":[{"name":"wp","href":"https:\/\/api.w.org\/{rel}","templated":true}]}}