{"id":117647,"date":"2024-04-22T20:06:16","date_gmt":"2024-04-23T01:06:16","guid":{"rendered":"https:\/\/diariodigitalmx.com\/?p=117647"},"modified":"2024-04-22T20:09:13","modified_gmt":"2024-04-23T01:09:13","slug":"el-poder-de-las-metas","status":"publish","type":"post","link":"https:\/\/diariodigitalmx.com\/index.php\/2024\/04\/22\/el-poder-de-las-metas\/","title":{"rendered":"El poder de las metas"},"content":{"rendered":"\n<p>Qubits<br>Ver\u00f3nica Valencia<br>Mientras esperaba a uno de mis clientes en una famosa cafeter\u00eda, no puede evitar la charla entre dos mujeres una parec\u00eda mayor de 60 a\u00f1os, y la otra aparentaba menos de 30 a\u00f1os.<br>Al principio pens\u00e9 que se trataba de madre e hija, pero la m\u00e1s joven le dec\u00eda se\u00f1ora; lo que me llam\u00f3 la atenci\u00f3n de su charla es que la m\u00e1s joven estaba tan decepcionada de su vida, dec\u00eda que no hab\u00eda logrado nada, que segu\u00eda viviendo con sus pap\u00e1s, que estudi\u00f3 una carrera que no le gustaba y que le molestaba que sus pap\u00e1s le preguntar\u00e1n a d\u00f3nde iba y que le pidieran que aportara dinero, cuando ellos sab\u00edan que no ten\u00eda trabajo.<br>Por su parte la se\u00f1ora le dec\u00eda que ella estaba ilusionada porque su nieto le ense\u00f1\u00f3 a grabarse mientras tej\u00eda y ya hab\u00eda aprendido c\u00f3mo hacer su canal de YouTube, quer\u00eda dar clases de tejido y convertirse en una Youtuber antes de que terminara el a\u00f1o; constantemente repet\u00eda si yo estuviera m\u00e1s joven.<br>No pude evitar reflexionar sobre la importancia de tener una meta, ya dec\u00eda el fil\u00f3sofo Nietzsche el que tiene un porqu\u00e9 para vivir se puede enfrentar a todos los c\u00f3mos.<br>Y es que si no tienes un motivo que te haga salir de la cama, dar las gracias por estar vivo y empezar un nuevo d\u00eda, dif\u00edcilmente te sentir\u00e1s satisfecho con tu vida.<br>Los que saben del tema recomiendan tener metas realistas, pero desafiantes, aseguran que es importante so\u00f1ar en grande, pero que tambi\u00e9n debemos ser conscientes de nuestras limitaciones y recursos disponibles.<br>Porque la verdadera satisfacci\u00f3n no solo reside en alcanzar la meta final, sino en el proceso mismo de crecimiento y superaci\u00f3n personal. Por eso las metas tambi\u00e9n deben estar alineadas con nuestros valores y aspiraciones personales. preg\u00fantate \u00bfqu\u00e9 es lo que realmente te motiva en la vida?, \u00bfcu\u00e1les son tus sue\u00f1os m\u00e1s profundos?<br>Lo m\u00e1s importante es que la planeaci\u00f3n y ejecuci\u00f3n de las metas tambi\u00e9n las podemos llevar a muestra empresa, pues con cada meta cumplida, celebramos la resiliencia que nos impulsa hacia adelante.<br>Recuerda que en cada meta o sue\u00f1o que tengas es probable que te encuentres con desaf\u00edos inesperados o nuevas oportunidades que puedan cambiar el rumbo de tus metas, cuando sea necesario ajusta tus objetivos, pero jam\u00e1s claudiques esa meta que tanto te entusiasma.<br>Todos los comentarios son bienvenidos a veronica@vaes.com.mx<br>Nos leemos, la pr\u00f3xima vez. Hasta entonces.<br>*Ver\u00f3nica Valencia G\u00f3mez es divulgadora y consultora de comunicaci\u00f3n y mercadotecnia en Vaes Comunicaci\u00f3n. Tambi\u00e9n es periodista especializada en Tecnolog\u00edas de la Informaci\u00f3n, cuenta con una maestr\u00eda en marketing digital y certificaci\u00f3n como instructora capacitadora on line y offline.<\/p>\n","protected":false},"excerpt":{"rendered":"<p>QubitsVer\u00f3nica ValenciaMientras esperaba a uno de mis clientes en una famosa cafeter\u00eda, no puede evitar la charla entre dos mujeres una parec\u00eda mayor de 60 a\u00f1os, y la otra aparentaba menos de 30 a\u00f1os.Al principio pens\u00e9 que se trataba de madre e hija, pero la m\u00e1s joven le dec\u00eda se\u00f1ora; lo que me llam\u00f3 la [&hellip;]<\/p>\n","protected":false},"author":1,"featured_media":117650,"comment_status":"open","ping_status":"open","sticky":true,"template":"","format":"standard","meta":{"footnotes":""},"categories":[14,10],"tags":[],"_links":{"self":[{"href":"https:\/\/diariodigitalmx.com\/index.php\/wp-json\/wp\/v2\/posts\/117647"}],"collection":[{"href":"https:\/\/diariodigitalmx.com\/index.php\/wp-json\/wp\/v2\/posts"}],"about":[{"href":"https:\/\/diariodigitalmx.com\/index.php\/wp-json\/wp\/v2\/types\/post"}],"author":[{"embeddable":true,"href":"https:\/\/diariodigitalmx.com\/index.php\/wp-json\/wp\/v2\/users\/1"}],"replies":[{"embeddable":true,"href":"https:\/\/diariodigitalmx.com\/index.php\/wp-json\/wp\/v2\/comments?post=117647"}],"version-history":[{"count":1,"href":"https:\/\/diariodigitalmx.com\/index.php\/wp-json\/wp\/v2\/posts\/117647\/revisions"}],"predecessor-version":[{"id":117648,"href":"https:\/\/diariodigitalmx.com\/index.php\/wp-json\/wp\/v2\/posts\/117647\/revisions\/117648"}],"wp:featuredmedia":[{"embeddable":true,"href":"https:\/\/diariodigitalmx.com\/index.php\/wp-json\/wp\/v2\/media\/117650"}],"wp:attachment":[{"href":"https:\/\/diariodigitalmx.com\/index.php\/wp-json\/wp\/v2\/media?parent=117647"}],"wp:term":[{"taxonomy":"category","embeddable":true,"href":"https:\/\/diariodigitalmx.com\/index.php\/wp-json\/wp\/v2\/categories?post=117647"},{"taxonomy":"post_tag","embeddable":true,"href":"https:\/\/diariodigitalmx.com\/index.php\/wp-json\/wp\/v2\/tags?post=117647"}],"curies":[{"name":"wp","href":"https:\/\/api.w.org\/{rel}","templated":true}]}}