{"id":117682,"date":"2024-04-23T09:35:19","date_gmt":"2024-04-23T14:35:19","guid":{"rendered":"https:\/\/diariodigitalmx.com\/?p=117682"},"modified":"2024-04-23T09:36:04","modified_gmt":"2024-04-23T14:36:04","slug":"debate-o-careo","status":"publish","type":"post","link":"https:\/\/diariodigitalmx.com\/index.php\/2024\/04\/23\/debate-o-careo\/","title":{"rendered":"\u00bfDebate o careo?"},"content":{"rendered":"\n<p>De frente y de perfil <\/p>\n\n\n\n<p>Ram\u00f3n Zurita Sahag\u00fan <\/p>\n\n\n\n<p>Un debate m\u00e1s de los muchos que se presentan durante una campa\u00f1a pol\u00edtica y, como todos, se olvidan de la confrontaci\u00f3n de ideas, de la presentaci\u00f3n de proyectos, de poner en claro sus ideas y dar a los escuchas un imaginario del futuro de la entidad o pa\u00eds.<\/p>\n\n\n\n<p>Segundo debate sobre la CDMX y los mismos participantes de la vez pasada, entremezclando los mismos temas de ataque directos o soterrados, respuestas vagas y difusas.<\/p>\n\n\n\n<p>Clara Brugada mostrando que su fuerte no es la confrontaci\u00f3n de ideas, ni la explicaci\u00f3n de los temas y ni siquiera las denuncias o acusaciones. Se le notaba preocupada, mientras Santiago Taboada, m\u00e1s suelto, se acompa\u00f1aba con una sonrisa permanente que hac\u00eda recordar al candidato presidencial fosfo. Salom\u00f3n Chertorivski como un actor sobreactuado y predicador de tercera.<\/p>\n\n\n\n<p>El debate tom\u00f3 forma de careo ante el ministerio p\u00fablico, con Clara abriendo el fuego, desde el minuto cero de su intervenci\u00f3n, las mismas acusaciones, las que en alg\u00fan momento de sus burdas explicaciones sobre el llamado \u201cc\u00e1rtel inmobiliario\u201d, se\u00f1al\u00f3 como responsables de la crisis de agua, ya que el l\u00edquido, dijo, fue usado para la construcci\u00f3n de los pisos extras de diversos edificios.<\/p>\n\n\n\n<p>Taboada sac\u00f3 su bomba y se\u00f1al\u00f3 a Ren\u00e9 Bejarano como socio de Clara y patrocinador de la campa\u00f1a de la aspirante de MORENA y hasta precis\u00f3 los beneficios recibidos por ambos en la construcci\u00f3n del emblema de Clara, las Utop\u00edas.<\/p>\n\n\n\n<p>El intercambio de Clara y Taboada hac\u00eda recordar las escuelas primarias donde los ni\u00f1os se acusan de todo, sin fundamento alguno y todo lo dem\u00e1s pasa a ser tema secundario.<\/p>\n\n\n\n<p>Salom\u00f3n present\u00f3 algunas propuestas, aunque no llev\u00f3 palomitas. e insist\u00eda en la difusi\u00f3n de proyectos de gobierno, algunos de los suyos ubicados como Utop\u00edas, pero no las de Clara Brugada.<\/p>\n\n\n\n<p>Clara, Santiago y Salom\u00f3n, quedaron a deber en esta ocasi\u00f3n, aunque las acusaciones de una y otro mitigaron la pereza que producen estos intercambios, por tratarse de palabras repetitivas, tediosas y con la finalidad de disminuir o debilitar, al contrario.<\/p>\n\n\n\n<p>El debate deb\u00eda centrarse en dos temas: agua y corrupci\u00f3n, pero ambos dieron el espacio suficiente para incluir temas ajenos, pero que son los que m\u00e1s llaman la atenci\u00f3n, las denuncias y acusaciones que llevan como meta la descalificaci\u00f3n del contrario.<\/p>\n\n\n\n<p>Los escuchas y televidentes esperaban posturas m\u00e1s serias sobre el agua, un elemento que en las actuales circunstancias toma prioridad y dos de los concurrentes recurrieron al uso del agua como chantaje y negocio.<\/p>\n\n\n\n<p>En el tema de la corrupci\u00f3n pudieron explayarse m\u00e1s y, tal vez, deseaban, mostrar que el otro u otra es m\u00e1s corrupto.<\/p>\n\n\n\n<p>La candidata presidencial y el Presidente de la Rep\u00fablica fueron objeto de reconocimiento, por parte de Clara para evitar reclamos de segundos o terceros. Santiago evit\u00f3 pronunciar o meter en la discusi\u00f3n a X\u00f3chitl G\u00e1lvez y Salom\u00f3n en alg\u00fan momento hizo referencia a M\u00e1ynez.<\/p>\n\n\n\n<p>El segundo debate dur\u00f3 menos de hora y media, lo que da certeza de que los debatientes, quisieron resolver r\u00e1pidamente sus dimes y diretes.<\/p>\n\n\n\n<pre class=\"wp-block-code\"><code>                                                                           \u2026\u2026\u2026\u2026\u2026\u2026\u2026.<\/code><\/pre>\n\n\n\n<p>Curioso que la maltrecha Clara Brugada recibiera una buena noticia, con la publicaci\u00f3n de una nueva encuesta que la sit\u00faa quince puntos por encima de las preferencias de Taboada, cuando casi todos daban por hecho que se encontraban cercanos los candidatos de MORENA y la alianza opositora\u2026Es factible el plan de Salom\u00f3n de abrir los caudales y r\u00edos de la CDMX, \u00bfentubados desde hace a\u00f1os? De verdad los mexicanos somos tan afectos a los montajes, se\u00f1uelos y complots como dice el Presidente L\u00f3pez Obrador o ser\u00e1 que ellos s\u00ed llegaron a hacerlos. Tal vez las decenas de miles de muertos y las acciones del crimen organizado sean m\u00e1s de esos montajes.<br>Email: ramonzurita44@hotmail.com<br>Email: ramonzurita44@gmail.com<br>Ram\u00f3n Zurita Sahag\u00fan<br>www.revistapersonae.com<br>ramon-zurita.blogspot.com<\/p>\n","protected":false},"excerpt":{"rendered":"<p>De frente y de perfil Ram\u00f3n Zurita Sahag\u00fan Un debate m\u00e1s de los muchos que se presentan durante una campa\u00f1a pol\u00edtica y, como todos, se olvidan de la confrontaci\u00f3n de ideas, de la presentaci\u00f3n de proyectos, de poner en claro sus ideas y dar a los escuchas un imaginario del futuro de la entidad o [&hellip;]<\/p>\n","protected":false},"author":1,"featured_media":117684,"comment_status":"open","ping_status":"open","sticky":true,"template":"","format":"standard","meta":{"footnotes":""},"categories":[12,5],"tags":[],"_links":{"self":[{"href":"https:\/\/diariodigitalmx.com\/index.php\/wp-json\/wp\/v2\/posts\/117682"}],"collection":[{"href":"https:\/\/diariodigitalmx.com\/index.php\/wp-json\/wp\/v2\/posts"}],"about":[{"href":"https:\/\/diariodigitalmx.com\/index.php\/wp-json\/wp\/v2\/types\/post"}],"author":[{"embeddable":true,"href":"https:\/\/diariodigitalmx.com\/index.php\/wp-json\/wp\/v2\/users\/1"}],"replies":[{"embeddable":true,"href":"https:\/\/diariodigitalmx.com\/index.php\/wp-json\/wp\/v2\/comments?post=117682"}],"version-history":[{"count":1,"href":"https:\/\/diariodigitalmx.com\/index.php\/wp-json\/wp\/v2\/posts\/117682\/revisions"}],"predecessor-version":[{"id":117683,"href":"https:\/\/diariodigitalmx.com\/index.php\/wp-json\/wp\/v2\/posts\/117682\/revisions\/117683"}],"wp:featuredmedia":[{"embeddable":true,"href":"https:\/\/diariodigitalmx.com\/index.php\/wp-json\/wp\/v2\/media\/117684"}],"wp:attachment":[{"href":"https:\/\/diariodigitalmx.com\/index.php\/wp-json\/wp\/v2\/media?parent=117682"}],"wp:term":[{"taxonomy":"category","embeddable":true,"href":"https:\/\/diariodigitalmx.com\/index.php\/wp-json\/wp\/v2\/categories?post=117682"},{"taxonomy":"post_tag","embeddable":true,"href":"https:\/\/diariodigitalmx.com\/index.php\/wp-json\/wp\/v2\/tags?post=117682"}],"curies":[{"name":"wp","href":"https:\/\/api.w.org\/{rel}","templated":true}]}}