{"id":117727,"date":"2024-04-24T15:29:02","date_gmt":"2024-04-24T20:29:02","guid":{"rendered":"https:\/\/diariodigitalmx.com\/?p=117727"},"modified":"2024-04-24T15:29:42","modified_gmt":"2024-04-24T20:29:42","slug":"que-denuncien-lo-que-quieran-van-en-picada-y-por-eso-hacen-guerra-sucia-estoy-tranquilo-adrian-de-la-garza","status":"publish","type":"post","link":"https:\/\/diariodigitalmx.com\/index.php\/2024\/04\/24\/que-denuncien-lo-que-quieran-van-en-picada-y-por-eso-hacen-guerra-sucia-estoy-tranquilo-adrian-de-la-garza\/","title":{"rendered":"Que denuncien lo que quieran, van en picada y por eso hacen guerra sucia; estoy tranquilo: Adri\u00e1n de la Garza"},"content":{"rendered":"\n<p>Monterrey. &#8211; Adri\u00e1n de la Garza, candidato del PRI-PAN-PRD a Alcald\u00eda de Monterrey, se\u00f1al\u00f3 que Movimiento Ciudadano va en picada, que est\u00e1 abajo en las encuestas y por ello acuden a la guerra sucia de acusar un presunto desv\u00edo econ\u00f3mico.<\/p>\n\n\n\n<p>&#8220;Van en picada, esto los tiene desesperados al grado de que han estado tratando de manipular, simular, hacer ver que hubo algunos presuntos desv\u00edos en las administraciones que a m\u00ed me toc\u00f3 encabezar&#8221;, a\u00f1adi\u00f3.<\/p>\n\n\n\n<p>&#8220;Les puedo decir que es falso, que estoy muy tranquilo, tan tranquilo que no estoy ni atendiendo la parte jur\u00eddica, ni promoviendo ning\u00fan tipo de amparo. En mi caso estoy muy tranquilo, no hay nada de qu\u00e9 preocuparse, decirle a la gente que yo voy a seguir con la propuesta para resolver sus problemas, pedirles su apoyo el 2 de julio&#8221;, abund\u00f3.<\/p>\n\n\n\n<p>De la Garza record\u00f3 que las encuestas se\u00f1alan que la candidata de MC est\u00e1 abajo, por lo que ese partido emprendi\u00f3 una guerra sucia en su contra para simular un presunto desv\u00edo de recursos durante su Administraci\u00f3n, manipulando informaci\u00f3n.<\/p>\n\n\n\n<p>&#8220;En mi administraci\u00f3n se cumplieron todos los lineamientos correspondes nunca ha habido una denuncia, salvo cuando hay un tema electoral&#8221;, dijo.<\/p>\n\n\n\n<p>&#8220;Que lo denuncien, que hagan lo que quieran, nosotros vamos a seguir en campa\u00f1a&#8221;.<\/p>\n","protected":false},"excerpt":{"rendered":"<p>Monterrey. &#8211; Adri\u00e1n de la Garza, candidato del PRI-PAN-PRD a Alcald\u00eda de Monterrey, se\u00f1al\u00f3 que Movimiento Ciudadano va en picada, que est\u00e1 abajo en las encuestas y por ello acuden a la guerra sucia de acusar un presunto desv\u00edo econ\u00f3mico. &#8220;Van en picada, esto los tiene desesperados al grado de que han estado tratando de [&hellip;]<\/p>\n","protected":false},"author":1,"featured_media":117729,"comment_status":"open","ping_status":"open","sticky":true,"template":"","format":"standard","meta":{"footnotes":""},"categories":[6,3],"tags":[],"_links":{"self":[{"href":"https:\/\/diariodigitalmx.com\/index.php\/wp-json\/wp\/v2\/posts\/117727"}],"collection":[{"href":"https:\/\/diariodigitalmx.com\/index.php\/wp-json\/wp\/v2\/posts"}],"about":[{"href":"https:\/\/diariodigitalmx.com\/index.php\/wp-json\/wp\/v2\/types\/post"}],"author":[{"embeddable":true,"href":"https:\/\/diariodigitalmx.com\/index.php\/wp-json\/wp\/v2\/users\/1"}],"replies":[{"embeddable":true,"href":"https:\/\/diariodigitalmx.com\/index.php\/wp-json\/wp\/v2\/comments?post=117727"}],"version-history":[{"count":1,"href":"https:\/\/diariodigitalmx.com\/index.php\/wp-json\/wp\/v2\/posts\/117727\/revisions"}],"predecessor-version":[{"id":117728,"href":"https:\/\/diariodigitalmx.com\/index.php\/wp-json\/wp\/v2\/posts\/117727\/revisions\/117728"}],"wp:featuredmedia":[{"embeddable":true,"href":"https:\/\/diariodigitalmx.com\/index.php\/wp-json\/wp\/v2\/media\/117729"}],"wp:attachment":[{"href":"https:\/\/diariodigitalmx.com\/index.php\/wp-json\/wp\/v2\/media?parent=117727"}],"wp:term":[{"taxonomy":"category","embeddable":true,"href":"https:\/\/diariodigitalmx.com\/index.php\/wp-json\/wp\/v2\/categories?post=117727"},{"taxonomy":"post_tag","embeddable":true,"href":"https:\/\/diariodigitalmx.com\/index.php\/wp-json\/wp\/v2\/tags?post=117727"}],"curies":[{"name":"wp","href":"https:\/\/api.w.org\/{rel}","templated":true}]}}