{"id":117730,"date":"2024-04-24T15:34:35","date_gmt":"2024-04-24T20:34:35","guid":{"rendered":"https:\/\/diariodigitalmx.com\/?p=117730"},"modified":"2024-04-24T15:37:00","modified_gmt":"2024-04-24T20:37:00","slug":"pronostica-adrian-de-la-garza-que-juicio-ciudadano-le-favorecera-el-2-de-junio","status":"publish","type":"post","link":"https:\/\/diariodigitalmx.com\/index.php\/2024\/04\/24\/pronostica-adrian-de-la-garza-que-juicio-ciudadano-le-favorecera-el-2-de-junio\/","title":{"rendered":"Pronostica Adri\u00e1n de la Garza que juicio ciudadano le favorecer\u00e1 el 2 de junio"},"content":{"rendered":"\n<figure class=\"wp-block-image size-large\"><img loading=\"lazy\" decoding=\"async\" width=\"1024\" height=\"682\" src=\"https:\/\/diariodigitalmx.com\/wp-content\/uploads\/2024\/04\/IMG-20240424-WA0137-1024x682.jpg\" alt=\"\" class=\"wp-image-117733\" srcset=\"https:\/\/diariodigitalmx.com\/wp-content\/uploads\/2024\/04\/IMG-20240424-WA0137-1024x682.jpg 1024w, https:\/\/diariodigitalmx.com\/wp-content\/uploads\/2024\/04\/IMG-20240424-WA0137-300x200.jpg 300w, https:\/\/diariodigitalmx.com\/wp-content\/uploads\/2024\/04\/IMG-20240424-WA0137-768x512.jpg 768w, https:\/\/diariodigitalmx.com\/wp-content\/uploads\/2024\/04\/IMG-20240424-WA0137-1536x1023.jpg 1536w, https:\/\/diariodigitalmx.com\/wp-content\/uploads\/2024\/04\/IMG-20240424-WA0137.jpg 1600w\" sizes=\"(max-width: 1024px) 100vw, 1024px\" \/><\/figure>\n\n\n\n<p>Para el candidato a la alcald\u00eda de Monterrey, Adri\u00e1n de la Garza Santos, el juicio de la ciudadan\u00eda es contundente y eso ocurrir\u00e1 el pr\u00f3ximo 2 de juni.<\/p>\n\n\n\n<p>Previ\u00f3 al iniciar un recorrido por la colonia San Bernab\u00e9.<\/p>\n\n\n\n<p>Reiter\u00f3 que no se distrae con la guerra sucia en su contra, que no presta atenci\u00f3n a supuestos ni se desgasta intentando protegerse de acusaciones porque todo lo que le se\u00f1alan es falso.<\/p>\n\n\n\n<figure class=\"wp-block-image size-large\"><img loading=\"lazy\" decoding=\"async\" width=\"1024\" height=\"682\" src=\"https:\/\/diariodigitalmx.com\/wp-content\/uploads\/2024\/04\/IMG-20240424-WA0140-1024x682.jpg\" alt=\"\" class=\"wp-image-117735\" srcset=\"https:\/\/diariodigitalmx.com\/wp-content\/uploads\/2024\/04\/IMG-20240424-WA0140-1024x682.jpg 1024w, https:\/\/diariodigitalmx.com\/wp-content\/uploads\/2024\/04\/IMG-20240424-WA0140-300x200.jpg 300w, https:\/\/diariodigitalmx.com\/wp-content\/uploads\/2024\/04\/IMG-20240424-WA0140-768x512.jpg 768w, https:\/\/diariodigitalmx.com\/wp-content\/uploads\/2024\/04\/IMG-20240424-WA0140-1536x1023.jpg 1536w, https:\/\/diariodigitalmx.com\/wp-content\/uploads\/2024\/04\/IMG-20240424-WA0140.jpg 1600w\" sizes=\"(max-width: 1024px) 100vw, 1024px\" \/><\/figure>\n\n\n\n<p>\u201cVamos a seguir en campa\u00f1a, fortaleciendo y robusteciendo nuestras propuestas \u2026 la ciudadan\u00eda se da cuenta, conoce, percibe lo que es evidente, lo que es p\u00fablico y lo que es verdad, ellos (los ciudadanos) van a juzgar el 2 de junio\u201d, enfatiz\u00f3.<\/p>\n\n\n\n<figure class=\"wp-block-image size-large\"><img loading=\"lazy\" decoding=\"async\" width=\"1024\" height=\"683\" src=\"https:\/\/diariodigitalmx.com\/wp-content\/uploads\/2024\/04\/IMG-20240424-WA0138-1024x683.jpg\" alt=\"\" class=\"wp-image-117738\" srcset=\"https:\/\/diariodigitalmx.com\/wp-content\/uploads\/2024\/04\/IMG-20240424-WA0138-1024x683.jpg 1024w, https:\/\/diariodigitalmx.com\/wp-content\/uploads\/2024\/04\/IMG-20240424-WA0138-300x200.jpg 300w, https:\/\/diariodigitalmx.com\/wp-content\/uploads\/2024\/04\/IMG-20240424-WA0138-768x512.jpg 768w, https:\/\/diariodigitalmx.com\/wp-content\/uploads\/2024\/04\/IMG-20240424-WA0138-1536x1024.jpg 1536w, https:\/\/diariodigitalmx.com\/wp-content\/uploads\/2024\/04\/IMG-20240424-WA0138.jpg 1600w\" sizes=\"(max-width: 1024px) 100vw, 1024px\" \/><\/figure>\n\n\n\n<p>En rueda de prensa le cuestionaron sobre la m\u00e1s reciente encuesta realizada por un medio de comunicaci\u00f3n que refleja que va 8 puntos arriba de su principal contendiente, lo que agradeci\u00f3 y dijo que es un aliciente para seguir trabajando.<\/p>\n\n\n\n<figure class=\"wp-block-image size-large\"><img loading=\"lazy\" decoding=\"async\" width=\"1024\" height=\"682\" src=\"https:\/\/diariodigitalmx.com\/wp-content\/uploads\/2024\/04\/IMG-20240424-WA0141-1024x682.jpg\" alt=\"\" class=\"wp-image-117740\" srcset=\"https:\/\/diariodigitalmx.com\/wp-content\/uploads\/2024\/04\/IMG-20240424-WA0141-1024x682.jpg 1024w, https:\/\/diariodigitalmx.com\/wp-content\/uploads\/2024\/04\/IMG-20240424-WA0141-300x200.jpg 300w, https:\/\/diariodigitalmx.com\/wp-content\/uploads\/2024\/04\/IMG-20240424-WA0141-768x512.jpg 768w, https:\/\/diariodigitalmx.com\/wp-content\/uploads\/2024\/04\/IMG-20240424-WA0141-1536x1023.jpg 1536w, https:\/\/diariodigitalmx.com\/wp-content\/uploads\/2024\/04\/IMG-20240424-WA0141.jpg 1600w\" sizes=\"(max-width: 1024px) 100vw, 1024px\" \/><\/figure>\n\n\n\n<p>\u201cEstamos muy atareados con la conformaci\u00f3n de propuestas y c\u00f3mo ejecutarlas porque ya saben que cuando me comprometo cumplo\u201d, afirm\u00f3.<\/p>\n\n\n\n<p>\u201cHay una inercia natural, genuina, ciudadana de la gente que quiere que le resolvamos los problemas a Monterrey, yo estoy seguro que el dos de junio vamos a arrasar en las elecciones, no tengan duda, es mi 5\u00aa campa\u00f1a que he hecho en Monterrey y nunca hab\u00eda habido, ni hab\u00eda sentido el entusiasmo y la fuerza como ahora de la gente que dice: estamos hartos de que nos mientan\u201d.<\/p>\n","protected":false},"excerpt":{"rendered":"<p>Para el candidato a la alcald\u00eda de Monterrey, Adri\u00e1n de la Garza Santos, el juicio de la ciudadan\u00eda es contundente y eso ocurrir\u00e1 el pr\u00f3ximo 2 de juni. Previ\u00f3 al iniciar un recorrido por la colonia San Bernab\u00e9. Reiter\u00f3 que no se distrae con la guerra sucia en su contra, que no presta atenci\u00f3n a [&hellip;]<\/p>\n","protected":false},"author":1,"featured_media":117732,"comment_status":"open","ping_status":"open","sticky":true,"template":"","format":"standard","meta":{"footnotes":""},"categories":[14,6],"tags":[],"_links":{"self":[{"href":"https:\/\/diariodigitalmx.com\/index.php\/wp-json\/wp\/v2\/posts\/117730"}],"collection":[{"href":"https:\/\/diariodigitalmx.com\/index.php\/wp-json\/wp\/v2\/posts"}],"about":[{"href":"https:\/\/diariodigitalmx.com\/index.php\/wp-json\/wp\/v2\/types\/post"}],"author":[{"embeddable":true,"href":"https:\/\/diariodigitalmx.com\/index.php\/wp-json\/wp\/v2\/users\/1"}],"replies":[{"embeddable":true,"href":"https:\/\/diariodigitalmx.com\/index.php\/wp-json\/wp\/v2\/comments?post=117730"}],"version-history":[{"count":5,"href":"https:\/\/diariodigitalmx.com\/index.php\/wp-json\/wp\/v2\/posts\/117730\/revisions"}],"predecessor-version":[{"id":117741,"href":"https:\/\/diariodigitalmx.com\/index.php\/wp-json\/wp\/v2\/posts\/117730\/revisions\/117741"}],"wp:featuredmedia":[{"embeddable":true,"href":"https:\/\/diariodigitalmx.com\/index.php\/wp-json\/wp\/v2\/media\/117732"}],"wp:attachment":[{"href":"https:\/\/diariodigitalmx.com\/index.php\/wp-json\/wp\/v2\/media?parent=117730"}],"wp:term":[{"taxonomy":"category","embeddable":true,"href":"https:\/\/diariodigitalmx.com\/index.php\/wp-json\/wp\/v2\/categories?post=117730"},{"taxonomy":"post_tag","embeddable":true,"href":"https:\/\/diariodigitalmx.com\/index.php\/wp-json\/wp\/v2\/tags?post=117730"}],"curies":[{"name":"wp","href":"https:\/\/api.w.org\/{rel}","templated":true}]}}