{"id":117748,"date":"2024-04-24T16:51:15","date_gmt":"2024-04-24T21:51:15","guid":{"rendered":"https:\/\/diariodigitalmx.com\/?p=117748"},"modified":"2024-04-24T16:56:34","modified_gmt":"2024-04-24T21:56:34","slug":"construira-jose-luis","status":"publish","type":"post","link":"https:\/\/diariodigitalmx.com\/index.php\/2024\/04\/24\/construira-jose-luis\/","title":{"rendered":"Construir\u00e1 Jos\u00e9 Luis Garza Ochoa Centro de Atenci\u00f3n de Enfermedades Cr\u00f3nicas para Guadalupe"},"content":{"rendered":"\n<p><br>Guadalupe, NL. \u2013 Jos\u00e9 Luis Garza Ochoa, candidato a la Alcald\u00eda de Guadalupe por la coalici\u00f3n Fuerza y Coraz\u00f3n X Nuevo Le\u00f3n de PRI, PAN y PRD, dijo que construir\u00e1 un CENTRO DE ATENCI\u00d3N DE ENFERMEDADES CR\u00d3NICAS donde los ciudadanos puedan llevar un tratamiento y seguimiento a sus padecimientos.<br>El candidato explic\u00f3 que entre las enfermedades que el personal m\u00e9dico profesional y capacitado atender\u00e1n en este centro est\u00e1n la diabetes, c\u00e1ncer, Alzheimer y presi\u00f3n alta.<br>\u201cComo Gobierno crearemos el CENTRO DE ATENCI\u00d3N DE ENFERMEDADES CR\u00d3NICAS para atender y apoyar en el tratamiento de los pacientes con Alzheimer, diabetes, c\u00e1ncer y presi\u00f3n alta.<br>\u201cQueremos que quienes padezcan estas enfermedades cuenten con la atenci\u00f3n de personal calificado. Vamos a acompa\u00f1arlos y vamos a brindarles a ofrecerles la calidad de vida que se merecen\u201d, afirm\u00f3 Garza Ochoa.<br>En su agenda de actividades, realiz\u00f3 recorridos por las colonias Zertuche, Evoluci\u00f3n y Dos R\u00edos 13avo. Sector, y reuniones con vecinos de las colonias Infonavit San Sebasti\u00e1n, Puerta del Sol, Dos R\u00edos 1er. Sector y Rinc\u00f3n de la Primavera.<\/p>\n","protected":false},"excerpt":{"rendered":"<p>Guadalupe, NL. \u2013 Jos\u00e9 Luis Garza Ochoa, candidato a la Alcald\u00eda de Guadalupe por la coalici\u00f3n Fuerza y Coraz\u00f3n X Nuevo Le\u00f3n de PRI, PAN y PRD, dijo que construir\u00e1 un CENTRO DE ATENCI\u00d3N DE ENFERMEDADES CR\u00d3NICAS donde los ciudadanos puedan llevar un tratamiento y seguimiento a sus padecimientos.El candidato explic\u00f3 que entre las enfermedades [&hellip;]<\/p>\n","protected":false},"author":1,"featured_media":117751,"comment_status":"open","ping_status":"open","sticky":true,"template":"","format":"standard","meta":{"footnotes":""},"categories":[14,6],"tags":[],"_links":{"self":[{"href":"https:\/\/diariodigitalmx.com\/index.php\/wp-json\/wp\/v2\/posts\/117748"}],"collection":[{"href":"https:\/\/diariodigitalmx.com\/index.php\/wp-json\/wp\/v2\/posts"}],"about":[{"href":"https:\/\/diariodigitalmx.com\/index.php\/wp-json\/wp\/v2\/types\/post"}],"author":[{"embeddable":true,"href":"https:\/\/diariodigitalmx.com\/index.php\/wp-json\/wp\/v2\/users\/1"}],"replies":[{"embeddable":true,"href":"https:\/\/diariodigitalmx.com\/index.php\/wp-json\/wp\/v2\/comments?post=117748"}],"version-history":[{"count":2,"href":"https:\/\/diariodigitalmx.com\/index.php\/wp-json\/wp\/v2\/posts\/117748\/revisions"}],"predecessor-version":[{"id":117750,"href":"https:\/\/diariodigitalmx.com\/index.php\/wp-json\/wp\/v2\/posts\/117748\/revisions\/117750"}],"wp:featuredmedia":[{"embeddable":true,"href":"https:\/\/diariodigitalmx.com\/index.php\/wp-json\/wp\/v2\/media\/117751"}],"wp:attachment":[{"href":"https:\/\/diariodigitalmx.com\/index.php\/wp-json\/wp\/v2\/media?parent=117748"}],"wp:term":[{"taxonomy":"category","embeddable":true,"href":"https:\/\/diariodigitalmx.com\/index.php\/wp-json\/wp\/v2\/categories?post=117748"},{"taxonomy":"post_tag","embeddable":true,"href":"https:\/\/diariodigitalmx.com\/index.php\/wp-json\/wp\/v2\/tags?post=117748"}],"curies":[{"name":"wp","href":"https:\/\/api.w.org\/{rel}","templated":true}]}}