{"id":117753,"date":"2024-04-24T18:54:00","date_gmt":"2024-04-24T23:54:00","guid":{"rendered":"https:\/\/diariodigitalmx.com\/?p=117753"},"modified":"2024-04-24T19:10:21","modified_gmt":"2024-04-25T00:10:21","slug":"en-apodaca-hay-un-secreto-avoces-por-un-cambio-drastico","status":"publish","type":"post","link":"https:\/\/diariodigitalmx.com\/index.php\/2024\/04\/24\/en-apodaca-hay-un-secreto-avoces-por-un-cambio-drastico\/","title":{"rendered":"En Apodaca hay un secreto a voces por un cambio dr\u00e1stico"},"content":{"rendered":"\n<p>Una cr\u00f3nica de Pedro Garc\u00eda <\/p>\n\n\n\n<p>Circulan versiones de que, en Apodaca, el grupo pol\u00edtico ya tiene bien asegurada la victoria -el 2 de junio-, con la ayuda de agentes sociales. Sabr\u00e1 Dios\u2026<\/p>\n\n\n\n<p>Lo que s\u00ed es cierto es que, por encima de esa especulaci\u00f3n, la joven candidata a diputada local, Perla Serna, del PT en el Distrito 16, prosigue su campa\u00f1a. Consciente de su realidad, Perlita tiene la virtud de la paciencia, entabla prolongados di\u00e1logos con mujeres y hombres.<\/p>\n\n\n\n<p>En esas pl\u00e1ticas, detecta a familias que pasan por serios problemas jur\u00eddico-penales, ni\u00f1os con autismo, adultos con alzh\u00e9imer donde es indispensable el apoyo institucional a los \u201ccuidadores\u201d y muchas otras penurias en donde, sin embargo, hay una queja porque faltan programas mediante los cuales el municipio se acerque al pueblo y escuche el clamor social.<\/p>\n\n\n\n<figure class=\"wp-block-image size-full\"><img loading=\"lazy\" decoding=\"async\" width=\"720\" height=\"540\" src=\"https:\/\/diariodigitalmx.com\/wp-content\/uploads\/2024\/04\/437789789_981724770187860_3488317135547016419_n.jpg\" alt=\"\" class=\"wp-image-117757\" srcset=\"https:\/\/diariodigitalmx.com\/wp-content\/uploads\/2024\/04\/437789789_981724770187860_3488317135547016419_n.jpg 720w, https:\/\/diariodigitalmx.com\/wp-content\/uploads\/2024\/04\/437789789_981724770187860_3488317135547016419_n-300x225.jpg 300w\" sizes=\"(max-width: 720px) 100vw, 720px\" \/><\/figure>\n\n\n\n<p>Un hombre -que pide no ser identificado- alerta que, regularmente, el PRI \u201camarra\u201d a gente en los barrios para influir en los votantes, el d\u00eda de la elecci\u00f3n.<\/p>\n\n\n\n<p>Perla Serna tiene claro que est\u00e1 en una dura competencia, por eso no le afloja y consigue que la gente le abra sus puertas y que le admitan la propaganda.<\/p>\n\n\n\n<p>En esos encuentros en el Distrito 16, entre las vecinas y vecinos hay como un \u201csecreto a voces\u201d de inconformidad, al grado de molestia, por lo que all\u00e1 ha ocurrido los \u00faltimos a\u00f1os.<\/p>\n\n\n\n<figure class=\"wp-block-image size-full\"><img loading=\"lazy\" decoding=\"async\" width=\"720\" height=\"540\" src=\"https:\/\/diariodigitalmx.com\/wp-content\/uploads\/2024\/04\/437903922_981724826854521_1196425623626971339_n.jpg\" alt=\"\" class=\"wp-image-117759\" srcset=\"https:\/\/diariodigitalmx.com\/wp-content\/uploads\/2024\/04\/437903922_981724826854521_1196425623626971339_n.jpg 720w, https:\/\/diariodigitalmx.com\/wp-content\/uploads\/2024\/04\/437903922_981724826854521_1196425623626971339_n-300x225.jpg 300w\" sizes=\"(max-width: 720px) 100vw, 720px\" \/><\/figure>\n\n\n\n<p><strong>Votos a la 4T, sobre las presiones<\/strong><\/p>\n\n\n\n<p>\u201cEsa propaganda (la oficial del PRIAN) no tiene importancia\u201d, dice un apodaquense mientras se\u00f1ala con su \u00edndice derecho a la campa\u00f1a de la 4T. \u201cUno admite que coloquen las lonas, pero no vamos a votar por ellos\u201d, remata con seguridad.<\/p>\n\n\n\n<p>Hay voces que solicitan el anonimato al momento de comentar que contra cualquier presi\u00f3n que se intente, no van a votar por las f\u00f3rmulas del \u201cPRIAN\u201d.<\/p>\n\n\n\n<figure class=\"wp-block-image size-full\"><img loading=\"lazy\" decoding=\"async\" width=\"832\" height=\"845\" src=\"https:\/\/diariodigitalmx.com\/wp-content\/uploads\/2024\/04\/439510221_122121521786255719_403686923148745881_n.jpg\" alt=\"\" class=\"wp-image-117761\" srcset=\"https:\/\/diariodigitalmx.com\/wp-content\/uploads\/2024\/04\/439510221_122121521786255719_403686923148745881_n.jpg 832w, https:\/\/diariodigitalmx.com\/wp-content\/uploads\/2024\/04\/439510221_122121521786255719_403686923148745881_n-295x300.jpg 295w, https:\/\/diariodigitalmx.com\/wp-content\/uploads\/2024\/04\/439510221_122121521786255719_403686923148745881_n-768x780.jpg 768w\" sizes=\"(max-width: 832px) 100vw, 832px\" \/><\/figure>\n\n\n\n<p>\u201cSe necesita un cambio dr\u00e1stico\u201d, sentencia otro vecino seriamente determinado a votar por la f\u00f3rmula de la 4T y Perla Serna.<\/p>\n\n\n\n<p>El actual gobierno municipal no ha hecho nada en los \u00faltimos tres a\u00f1os, expresan otros ciudadanos.<\/p>\n\n\n\n<p>Una mujer fue contundente: \u201cno es posible que se herede el gobierno al hijo\u201d.<\/p>\n\n\n\n<p>Luego, el rosario de quejas por la inacci\u00f3n de la alcald\u00eda: falta de transporte, no obstante que el alcalde estuvo en ese cargo.<\/p>\n\n\n\n<p>Lo m\u00e1s t\u00edpico, la falta de patrullajes, la plaga de baches en calles y avenidas, sectores a oscuras por la falla de las luminarias. \u201cmire, esa est\u00e1 as\u00ed, desde hace tiempo\u201d: luminosidad intermitente.<\/p>\n\n\n\n<p>En resumen, las vecinas y los vecinos no sienten la presencia del gobierno municipal; no pasa nadie a ver a la gente para consultarle qu\u00e9 les duele, qu\u00e9 falta por hacer o reparar\u2026<\/p>\n","protected":false},"excerpt":{"rendered":"<p>Una cr\u00f3nica de Pedro Garc\u00eda Circulan versiones de que, en Apodaca, el grupo pol\u00edtico ya tiene bien asegurada la victoria -el 2 de junio-, con la ayuda de agentes sociales. Sabr\u00e1 Dios\u2026 Lo que s\u00ed es cierto es que, por encima de esa especulaci\u00f3n, la joven candidata a diputada local, Perla Serna, del PT en [&hellip;]<\/p>\n","protected":false},"author":1,"featured_media":117755,"comment_status":"open","ping_status":"open","sticky":true,"template":"","format":"standard","meta":{"footnotes":""},"categories":[14,6],"tags":[],"_links":{"self":[{"href":"https:\/\/diariodigitalmx.com\/index.php\/wp-json\/wp\/v2\/posts\/117753"}],"collection":[{"href":"https:\/\/diariodigitalmx.com\/index.php\/wp-json\/wp\/v2\/posts"}],"about":[{"href":"https:\/\/diariodigitalmx.com\/index.php\/wp-json\/wp\/v2\/types\/post"}],"author":[{"embeddable":true,"href":"https:\/\/diariodigitalmx.com\/index.php\/wp-json\/wp\/v2\/users\/1"}],"replies":[{"embeddable":true,"href":"https:\/\/diariodigitalmx.com\/index.php\/wp-json\/wp\/v2\/comments?post=117753"}],"version-history":[{"count":4,"href":"https:\/\/diariodigitalmx.com\/index.php\/wp-json\/wp\/v2\/posts\/117753\/revisions"}],"predecessor-version":[{"id":117763,"href":"https:\/\/diariodigitalmx.com\/index.php\/wp-json\/wp\/v2\/posts\/117753\/revisions\/117763"}],"wp:featuredmedia":[{"embeddable":true,"href":"https:\/\/diariodigitalmx.com\/index.php\/wp-json\/wp\/v2\/media\/117755"}],"wp:attachment":[{"href":"https:\/\/diariodigitalmx.com\/index.php\/wp-json\/wp\/v2\/media?parent=117753"}],"wp:term":[{"taxonomy":"category","embeddable":true,"href":"https:\/\/diariodigitalmx.com\/index.php\/wp-json\/wp\/v2\/categories?post=117753"},{"taxonomy":"post_tag","embeddable":true,"href":"https:\/\/diariodigitalmx.com\/index.php\/wp-json\/wp\/v2\/tags?post=117753"}],"curies":[{"name":"wp","href":"https:\/\/api.w.org\/{rel}","templated":true}]}}