{"id":117774,"date":"2024-04-25T09:38:10","date_gmt":"2024-04-25T14:38:10","guid":{"rendered":"https:\/\/diariodigitalmx.com\/?p=117774"},"modified":"2024-04-25T09:38:50","modified_gmt":"2024-04-25T14:38:50","slug":"elecciones-en-monterrey-y-santa-catarina","status":"publish","type":"post","link":"https:\/\/diariodigitalmx.com\/index.php\/2024\/04\/25\/elecciones-en-monterrey-y-santa-catarina\/","title":{"rendered":"Elecciones en Monterrey y Santa Catarina"},"content":{"rendered":"\n<p>Ra\u00fal Guajardo Cant\u00fa<br>Se\u00f1al\u00e1bamos en nuestro anterior art\u00edculo que despu\u00e9s de las elecciones de la legislatura local, los comicios en Monterrey y Santa Catarina representan algo especial para el gobernador del estado, Samuel Garc\u00eda.<br>El primero de los municipios no requiere mayor explicaci\u00f3n, es su esposa la que busca la alcald\u00eda por su partido Movimiento Ciudadano y enfrente se encuentra su ex contrincante en las elecciones para gobernador y ex aspirante a la Fiscal\u00eda General del Estado, Adri\u00e1n de la Garza.<br>Una derrota de Mariana Rodr\u00edguez, considerada por muchos la estratega medi\u00e1tica del gobernador, har\u00eda ver la victoria de Adri\u00e1n como un reconocimiento de los ciudadanos de que se equivocaron en 2021 al elegir a Samuel, ser\u00eda algo m\u00e1s que un referendo del actual gobierno estatal.<br>Ser\u00eda el rechazo a la forma en que han gobernado en conjunto Samuel y Mariana, pero tambi\u00e9n ser\u00eda truncar las carreras que se supone est\u00e1n construyendo con miras al futuro, \u00e9l pensando en la presidencia del 2030 y ella en la gubernatura de 2027.<br>Si Mariana pierde Monterrey, la visibilidad que esperan tener ambos rumbo a sus objetivos se ver\u00eda interrumpida, su futuro se obscurecer\u00eda sobre manera. Por eso necesita ganar la alcald\u00eda, porque es la piedra angular sobre la cual construir\u00e1 su futuro, necesita ganar para tener un futuro.<br>En caso de perder, j\u00farelo que la labor de zapa que realizar\u00eda Adri\u00e1n, en conjunto con los legisladores locales, provocar\u00eda que la de por s\u00ed err\u00e1tica actuaci\u00f3n del gobernador se volviera peor. Quiz\u00e1 buscando una salida que dif\u00edcilmente tendr\u00eda.<br>Por lo que respecta a Santa Catarina hemos explicado en diferentes ocasiones que la promoci\u00f3n de su \u00e9xito realizada por el gobernador, tiene como base la decisi\u00f3n de Tesla de instalarse en ese municipio nuevoleon\u00e9s. \u00a1Tesla ba\u00f1aste! Rezaban los espectaculares luminosos que el gobierno estatal mand\u00f3 colocar en diferentes puntos del \u00e1rea metropolitana.<br>A partir de ese logro, que disput\u00f3 con otros actores del \u00e1mbito nacional, Samuel intent\u00f3 fincar, y de alg\u00fan modo lo logr\u00f3, una imagen de \u00e9xito que trascendi\u00f3 fronteras y que se reflej\u00f3 en su fallido intento por alcanzar la presidencia de la rep\u00fablica.<br>En caso de que el resultado en ese municipio no sea el esperado por el equipo naranja, si se lleva a cabo el proyecto de Elon Musk, no ser\u00e1 Samuel quien recoja los frutos, sino quien encabece dicho municipio.<br>Peor a\u00fan, las expectativas fueron tantas entre los santacatarinenses, que el retraso en la instalaci\u00f3n de la Mega Factor\u00eda seguramente tendr\u00e1 consecuencias y estas pueden no ser las esperadas por el gobernador.<br>Ese es el panorama que se perfila para las tres elecciones en que Samuel tiene mayor inter\u00e9s.<\/p>\n","protected":false},"excerpt":{"rendered":"<p>Ra\u00fal Guajardo Cant\u00faSe\u00f1al\u00e1bamos en nuestro anterior art\u00edculo que despu\u00e9s de las elecciones de la legislatura local, los comicios en Monterrey y Santa Catarina representan algo especial para el gobernador del estado, Samuel Garc\u00eda.El primero de los municipios no requiere mayor explicaci\u00f3n, es su esposa la que busca la alcald\u00eda por su partido Movimiento Ciudadano y [&hellip;]<\/p>\n","protected":false},"author":1,"featured_media":117776,"comment_status":"open","ping_status":"open","sticky":true,"template":"","format":"standard","meta":{"footnotes":""},"categories":[14,12],"tags":[],"_links":{"self":[{"href":"https:\/\/diariodigitalmx.com\/index.php\/wp-json\/wp\/v2\/posts\/117774"}],"collection":[{"href":"https:\/\/diariodigitalmx.com\/index.php\/wp-json\/wp\/v2\/posts"}],"about":[{"href":"https:\/\/diariodigitalmx.com\/index.php\/wp-json\/wp\/v2\/types\/post"}],"author":[{"embeddable":true,"href":"https:\/\/diariodigitalmx.com\/index.php\/wp-json\/wp\/v2\/users\/1"}],"replies":[{"embeddable":true,"href":"https:\/\/diariodigitalmx.com\/index.php\/wp-json\/wp\/v2\/comments?post=117774"}],"version-history":[{"count":1,"href":"https:\/\/diariodigitalmx.com\/index.php\/wp-json\/wp\/v2\/posts\/117774\/revisions"}],"predecessor-version":[{"id":117775,"href":"https:\/\/diariodigitalmx.com\/index.php\/wp-json\/wp\/v2\/posts\/117774\/revisions\/117775"}],"wp:featuredmedia":[{"embeddable":true,"href":"https:\/\/diariodigitalmx.com\/index.php\/wp-json\/wp\/v2\/media\/117776"}],"wp:attachment":[{"href":"https:\/\/diariodigitalmx.com\/index.php\/wp-json\/wp\/v2\/media?parent=117774"}],"wp:term":[{"taxonomy":"category","embeddable":true,"href":"https:\/\/diariodigitalmx.com\/index.php\/wp-json\/wp\/v2\/categories?post=117774"},{"taxonomy":"post_tag","embeddable":true,"href":"https:\/\/diariodigitalmx.com\/index.php\/wp-json\/wp\/v2\/tags?post=117774"}],"curies":[{"name":"wp","href":"https:\/\/api.w.org\/{rel}","templated":true}]}}