{"id":117783,"date":"2024-04-25T13:37:23","date_gmt":"2024-04-25T18:37:23","guid":{"rendered":"https:\/\/diariodigitalmx.com\/?p=117783"},"modified":"2024-04-25T13:38:21","modified_gmt":"2024-04-25T18:38:21","slug":"inician-curso-de-capacitacion-de-emprendedores-comunitarios","status":"publish","type":"post","link":"https:\/\/diariodigitalmx.com\/index.php\/2024\/04\/25\/inician-curso-de-capacitacion-de-emprendedores-comunitarios\/","title":{"rendered":"Inician curso de capacitaci\u00f3n de Emprendedores Comunitarios"},"content":{"rendered":"\n<p><\/p>\n\n\n\n<ul>\n<li><em>Se busca generar nuevas oportunidades de ingresos y generaci\u00f3n de nuevos empleos<\/em><\/li>\n\n\n\n<li><em>Est\u00e1 dirigido a mujeres y hombres de 20 a 60 a\u00f1os de edad interesados en emprender un negocio<\/em><\/li>\n<\/ul>\n\n\n\n<p><strong>Monterrey, Nuevo Le\u00f3n.-<\/strong> A fin de generar nuevas oportunidades de ingreso y de empleo directo e indirecto, la Secretar\u00eda de Igualdad e Inclusi\u00f3n inici\u00f3 la capacitaci\u00f3n de la octava generaci\u00f3n del Programa de Emprendedores Comunitarios.<\/p>\n\n\n\n<p>A trav\u00e9s de Centros Comunitarios se busca seguir impulsando las habilidades de hombres y mujeres de 20 a 60 a\u00f1os de edad, para la apertura de sus negocios.<\/p>\n\n\n\n<p>Durante la primera jornada de capacitaci\u00f3n que inici\u00f3 esta semana, j\u00f3venes, adultos y adultos mayores que integran la nueva generaci\u00f3n de emprendedores, recibieron instrucciones de c\u00f3mo desarrollar sus programas de emprendimiento.<\/p>\n\n\n\n<figure class=\"wp-block-image size-large\"><img loading=\"lazy\" decoding=\"async\" width=\"1024\" height=\"666\" src=\"https:\/\/diariodigitalmx.com\/wp-content\/uploads\/2024\/04\/1-1024x666.jpg\" alt=\"\" class=\"wp-image-117786\" srcset=\"https:\/\/diariodigitalmx.com\/wp-content\/uploads\/2024\/04\/1-1024x666.jpg 1024w, https:\/\/diariodigitalmx.com\/wp-content\/uploads\/2024\/04\/1-300x195.jpg 300w, https:\/\/diariodigitalmx.com\/wp-content\/uploads\/2024\/04\/1-768x500.jpg 768w, https:\/\/diariodigitalmx.com\/wp-content\/uploads\/2024\/04\/1.jpg 1280w\" sizes=\"(max-width: 1024px) 100vw, 1024px\" \/><\/figure>\n\n\n\n<p>El curso tiene una duraci\u00f3n de tres meses y en \u00e9l se desarrollan temas como perfil del cliente y segmentaci\u00f3n de mercado; innovaci\u00f3n prototipado y validaci\u00f3n; modelo de negocio, propuesta de valor; dise\u00f1o de marca, presentaci\u00f3n y etiquetado; marketing digital aplicado a redes sociales y educaci\u00f3n financiera.<\/p>\n\n\n\n<p>El Programa de Emprendedores Comunitarios busca que los participantes puedan crecer y desarrollar sus ideas de negocio y\/o emprendimientos y cuenten con un plan de mercadot\u00e9cnica digital para poner en operaci\u00f3n su negocio.<\/p>\n\n\n\n<p>Adem\u00e1s de fomentar el esp\u00edritu empresarial, promover la diversidad y la inclusi\u00f3n, facilitar el desarrollo profesional, estimular la innovaci\u00f3n y la creatividad, y contribuir al crecimiento econ\u00f3mico local.<\/p>\n\n\n\n<p>Con el Programa de Emprendedores Comunitarios m\u00e1s de 200 personas han emprendido un negocio de 2022 a la fecha, adem\u00e1s se logr\u00f3 implementar la Primera Feria de Emprendedores Comunitarios, realizada el pasado 13 de abril, en el Macrocentro Comunitario San Bernab\u00e9, donde los nuevos comerciantes ofrecieron productos como reposter\u00eda, postres, snacks, comida, miel y derivados de la colmena, sazonadores, botanas, plantas medicinales, bisuter\u00eda, artesan\u00eda, micropigmentaci\u00f3n, art\u00edculos infantiles, novedades, personalizados, as\u00ed como servicios de salud y belleza.<\/p>\n\n\n\n<p>La personas interesadas pueden solicitar informes al mail: programaemprendedoresnl@gmail.com y\/o al WhatsApp 5510535122.<\/p>\n","protected":false},"excerpt":{"rendered":"<p>Monterrey, Nuevo Le\u00f3n.- A fin de generar nuevas oportunidades de ingreso y de empleo directo e indirecto, la Secretar\u00eda de Igualdad e Inclusi\u00f3n inici\u00f3 la capacitaci\u00f3n de la octava generaci\u00f3n del Programa de Emprendedores Comunitarios. A trav\u00e9s de Centros Comunitarios se busca seguir impulsando las habilidades de hombres y mujeres de 20 a 60 a\u00f1os [&hellip;]<\/p>\n","protected":false},"author":1,"featured_media":117785,"comment_status":"open","ping_status":"open","sticky":true,"template":"","format":"standard","meta":{"footnotes":""},"categories":[14,6],"tags":[],"_links":{"self":[{"href":"https:\/\/diariodigitalmx.com\/index.php\/wp-json\/wp\/v2\/posts\/117783"}],"collection":[{"href":"https:\/\/diariodigitalmx.com\/index.php\/wp-json\/wp\/v2\/posts"}],"about":[{"href":"https:\/\/diariodigitalmx.com\/index.php\/wp-json\/wp\/v2\/types\/post"}],"author":[{"embeddable":true,"href":"https:\/\/diariodigitalmx.com\/index.php\/wp-json\/wp\/v2\/users\/1"}],"replies":[{"embeddable":true,"href":"https:\/\/diariodigitalmx.com\/index.php\/wp-json\/wp\/v2\/comments?post=117783"}],"version-history":[{"count":2,"href":"https:\/\/diariodigitalmx.com\/index.php\/wp-json\/wp\/v2\/posts\/117783\/revisions"}],"predecessor-version":[{"id":117787,"href":"https:\/\/diariodigitalmx.com\/index.php\/wp-json\/wp\/v2\/posts\/117783\/revisions\/117787"}],"wp:featuredmedia":[{"embeddable":true,"href":"https:\/\/diariodigitalmx.com\/index.php\/wp-json\/wp\/v2\/media\/117785"}],"wp:attachment":[{"href":"https:\/\/diariodigitalmx.com\/index.php\/wp-json\/wp\/v2\/media?parent=117783"}],"wp:term":[{"taxonomy":"category","embeddable":true,"href":"https:\/\/diariodigitalmx.com\/index.php\/wp-json\/wp\/v2\/categories?post=117783"},{"taxonomy":"post_tag","embeddable":true,"href":"https:\/\/diariodigitalmx.com\/index.php\/wp-json\/wp\/v2\/tags?post=117783"}],"curies":[{"name":"wp","href":"https:\/\/api.w.org\/{rel}","templated":true}]}}