{"id":117788,"date":"2024-04-25T16:27:30","date_gmt":"2024-04-25T21:27:30","guid":{"rendered":"https:\/\/diariodigitalmx.com\/?p=117788"},"modified":"2024-04-25T16:29:57","modified_gmt":"2024-04-25T21:29:57","slug":"reconoce-escobedo-con-presea-a-ciudadanos-distinguidos","status":"publish","type":"post","link":"https:\/\/diariodigitalmx.com\/index.php\/2024\/04\/25\/reconoce-escobedo-con-presea-a-ciudadanos-distinguidos\/","title":{"rendered":"Reconoce Escobedo con presea a ciudadanos distinguidos"},"content":{"rendered":"\n<figure class=\"wp-block-image size-large\"><img loading=\"lazy\" decoding=\"async\" width=\"1024\" height=\"680\" src=\"https:\/\/diariodigitalmx.com\/wp-content\/uploads\/2024\/04\/WhatsApp-Image-2024-04-25-at-1.02.02-PM-1024x680.jpeg\" alt=\"\" class=\"wp-image-117791\" srcset=\"https:\/\/diariodigitalmx.com\/wp-content\/uploads\/2024\/04\/WhatsApp-Image-2024-04-25-at-1.02.02-PM-1024x680.jpeg 1024w, https:\/\/diariodigitalmx.com\/wp-content\/uploads\/2024\/04\/WhatsApp-Image-2024-04-25-at-1.02.02-PM-300x199.jpeg 300w, https:\/\/diariodigitalmx.com\/wp-content\/uploads\/2024\/04\/WhatsApp-Image-2024-04-25-at-1.02.02-PM-768x510.jpeg 768w, https:\/\/diariodigitalmx.com\/wp-content\/uploads\/2024\/04\/WhatsApp-Image-2024-04-25-at-1.02.02-PM-1536x1020.jpeg 1536w, https:\/\/diariodigitalmx.com\/wp-content\/uploads\/2024\/04\/WhatsApp-Image-2024-04-25-at-1.02.02-PM.jpeg 1600w\" sizes=\"(max-width: 1024px) 100vw, 1024px\" \/><\/figure>\n\n\n\n<p>Como parte de las actividades por la conmemoraci\u00f3n del 420 Aniversario de la Fundaci\u00f3n de General Escobedo, en Sesi\u00f3n Solemne de Cabildo, se llev\u00f3 a cabo la entrega de la \u201cPresea Capit\u00e1n Jos\u00e9 de Trevi\u00f1o\u201d.<\/p>\n\n\n\n<p>Jos\u00e9 Antonio Quiroga Chapa, Encargado del Despacho de la Presidencia Municipal entreg\u00f3 la \u201cPresea Capit\u00e1n Jos\u00e9 de Trevi\u00f1o\u201d a ciudadanos de Escobedo que se han distinguido en las \u00e1reas del desempe\u00f1o profesional y humano.<\/p>\n\n\n\n<figure class=\"wp-block-image size-large\"><img loading=\"lazy\" decoding=\"async\" width=\"680\" height=\"1024\" src=\"https:\/\/diariodigitalmx.com\/wp-content\/uploads\/2024\/04\/WhatsApp-Image-2024-04-25-at-1.02.02-PM-1-680x1024.jpeg\" alt=\"\" class=\"wp-image-117794\" srcset=\"https:\/\/diariodigitalmx.com\/wp-content\/uploads\/2024\/04\/WhatsApp-Image-2024-04-25-at-1.02.02-PM-1-680x1024.jpeg 680w, https:\/\/diariodigitalmx.com\/wp-content\/uploads\/2024\/04\/WhatsApp-Image-2024-04-25-at-1.02.02-PM-1-199x300.jpeg 199w, https:\/\/diariodigitalmx.com\/wp-content\/uploads\/2024\/04\/WhatsApp-Image-2024-04-25-at-1.02.02-PM-1-768x1156.jpeg 768w, https:\/\/diariodigitalmx.com\/wp-content\/uploads\/2024\/04\/WhatsApp-Image-2024-04-25-at-1.02.02-PM-1-1020x1536.jpeg 1020w, https:\/\/diariodigitalmx.com\/wp-content\/uploads\/2024\/04\/WhatsApp-Image-2024-04-25-at-1.02.02-PM-1.jpeg 1063w\" sizes=\"(max-width: 680px) 100vw, 680px\" \/><\/figure>\n\n\n\n<p>Con la presea se reconoci\u00f3 a la maestra Yolanda Mar\u00edn Montes por sus 49 a\u00f1os de docencia; en el \u00e1rea de Profesionistas Independientes se distingui\u00f3 a Roc\u00edo Garc\u00eda Cardoso por las clases que imparte de folklor mexicano.<\/p>\n\n\n\n<p>Tambi\u00e9n se galardon\u00f3 en el \u00e1rea de Humanismo a Salvador Ochoa Quevedo, quien durante 60 a\u00f1os realiza trabajos comunitarios en su colonia Celestino Gasca y en Deportes se reconoci\u00f3 a Julio Dom\u00ednguez Rodr\u00edguez, pues ha ganado 100 medallas en competencias de Waterpolo.<\/p>\n\n\n\n<figure class=\"wp-block-image size-large\"><img loading=\"lazy\" decoding=\"async\" width=\"1024\" height=\"680\" src=\"https:\/\/diariodigitalmx.com\/wp-content\/uploads\/2024\/04\/WhatsApp-Image-2024-04-25-at-1.02.02-PM-4-1024x680.jpeg\" alt=\"\" class=\"wp-image-117796\" srcset=\"https:\/\/diariodigitalmx.com\/wp-content\/uploads\/2024\/04\/WhatsApp-Image-2024-04-25-at-1.02.02-PM-4-1024x680.jpeg 1024w, https:\/\/diariodigitalmx.com\/wp-content\/uploads\/2024\/04\/WhatsApp-Image-2024-04-25-at-1.02.02-PM-4-300x199.jpeg 300w, https:\/\/diariodigitalmx.com\/wp-content\/uploads\/2024\/04\/WhatsApp-Image-2024-04-25-at-1.02.02-PM-4-768x510.jpeg 768w, https:\/\/diariodigitalmx.com\/wp-content\/uploads\/2024\/04\/WhatsApp-Image-2024-04-25-at-1.02.02-PM-4-1536x1020.jpeg 1536w, https:\/\/diariodigitalmx.com\/wp-content\/uploads\/2024\/04\/WhatsApp-Image-2024-04-25-at-1.02.02-PM-4.jpeg 1600w\" sizes=\"(max-width: 1024px) 100vw, 1024px\" \/><\/figure>\n\n\n\n<p>\u201cEl reconocimiento que hoy se les hace, es una muestra del trabajo que han desarrollado en beneficio de sus comunidades y nombre del Gobierno de Escobedo los felicito\u201d, expres\u00f3.<\/p>\n\n\n\n<figure class=\"wp-block-image size-large\"><img loading=\"lazy\" decoding=\"async\" width=\"1024\" height=\"680\" src=\"https:\/\/diariodigitalmx.com\/wp-content\/uploads\/2024\/04\/WhatsApp-Image-2024-04-25-at-1.02.02-PM-3-1024x680.jpeg\" alt=\"\" class=\"wp-image-117798\" srcset=\"https:\/\/diariodigitalmx.com\/wp-content\/uploads\/2024\/04\/WhatsApp-Image-2024-04-25-at-1.02.02-PM-3-1024x680.jpeg 1024w, https:\/\/diariodigitalmx.com\/wp-content\/uploads\/2024\/04\/WhatsApp-Image-2024-04-25-at-1.02.02-PM-3-300x199.jpeg 300w, https:\/\/diariodigitalmx.com\/wp-content\/uploads\/2024\/04\/WhatsApp-Image-2024-04-25-at-1.02.02-PM-3-768x510.jpeg 768w, https:\/\/diariodigitalmx.com\/wp-content\/uploads\/2024\/04\/WhatsApp-Image-2024-04-25-at-1.02.02-PM-3-1536x1020.jpeg 1536w, https:\/\/diariodigitalmx.com\/wp-content\/uploads\/2024\/04\/WhatsApp-Image-2024-04-25-at-1.02.02-PM-3.jpeg 1600w\" sizes=\"(max-width: 1024px) 100vw, 1024px\" \/><\/figure>\n\n\n\n<p>Quiroga Chapa agreg\u00f3 que se ha estado apoyando al deporte y otras actividades culturales para que el municipio sea una mejor ciudad.<\/p>\n","protected":false},"excerpt":{"rendered":"<p>Como parte de las actividades por la conmemoraci\u00f3n del 420 Aniversario de la Fundaci\u00f3n de General Escobedo, en Sesi\u00f3n Solemne de Cabildo, se llev\u00f3 a cabo la entrega de la \u201cPresea Capit\u00e1n Jos\u00e9 de Trevi\u00f1o\u201d. Jos\u00e9 Antonio Quiroga Chapa, Encargado del Despacho de la Presidencia Municipal entreg\u00f3 la \u201cPresea Capit\u00e1n Jos\u00e9 de Trevi\u00f1o\u201d a ciudadanos [&hellip;]<\/p>\n","protected":false},"author":1,"featured_media":117790,"comment_status":"open","ping_status":"open","sticky":true,"template":"","format":"standard","meta":{"footnotes":""},"categories":[14,6],"tags":[],"_links":{"self":[{"href":"https:\/\/diariodigitalmx.com\/index.php\/wp-json\/wp\/v2\/posts\/117788"}],"collection":[{"href":"https:\/\/diariodigitalmx.com\/index.php\/wp-json\/wp\/v2\/posts"}],"about":[{"href":"https:\/\/diariodigitalmx.com\/index.php\/wp-json\/wp\/v2\/types\/post"}],"author":[{"embeddable":true,"href":"https:\/\/diariodigitalmx.com\/index.php\/wp-json\/wp\/v2\/users\/1"}],"replies":[{"embeddable":true,"href":"https:\/\/diariodigitalmx.com\/index.php\/wp-json\/wp\/v2\/comments?post=117788"}],"version-history":[{"count":5,"href":"https:\/\/diariodigitalmx.com\/index.php\/wp-json\/wp\/v2\/posts\/117788\/revisions"}],"predecessor-version":[{"id":117799,"href":"https:\/\/diariodigitalmx.com\/index.php\/wp-json\/wp\/v2\/posts\/117788\/revisions\/117799"}],"wp:featuredmedia":[{"embeddable":true,"href":"https:\/\/diariodigitalmx.com\/index.php\/wp-json\/wp\/v2\/media\/117790"}],"wp:attachment":[{"href":"https:\/\/diariodigitalmx.com\/index.php\/wp-json\/wp\/v2\/media?parent=117788"}],"wp:term":[{"taxonomy":"category","embeddable":true,"href":"https:\/\/diariodigitalmx.com\/index.php\/wp-json\/wp\/v2\/categories?post=117788"},{"taxonomy":"post_tag","embeddable":true,"href":"https:\/\/diariodigitalmx.com\/index.php\/wp-json\/wp\/v2\/tags?post=117788"}],"curies":[{"name":"wp","href":"https:\/\/api.w.org\/{rel}","templated":true}]}}