{"id":117800,"date":"2024-04-25T18:51:03","date_gmt":"2024-04-25T23:51:03","guid":{"rendered":"https:\/\/diariodigitalmx.com\/?p=117800"},"modified":"2024-04-25T18:57:52","modified_gmt":"2024-04-25T23:57:52","slug":"117800","status":"publish","type":"post","link":"https:\/\/diariodigitalmx.com\/index.php\/2024\/04\/25\/117800\/","title":{"rendered":"Modernizar\u00e1 Mijes Vialidades para una mejor movilidad"},"content":{"rendered":"\n<p>Con vialidades modernas, m\u00e1s rutas de transporte urbano y adecuaciones que reducir\u00e1n los tiempos de traslado, es como Andr\u00e9s Mijes propone transformar la Movilidad en Escobedo.<br>El Candidato de la Coalici\u00f3n \u201cSigamos Haciendo Historia\u201d present\u00f3 este jueves el eje Movilidad para una Ciudad Sustentable, que est\u00e1 conformado por una serie de acciones que dar\u00e1n a las familias de Escobedo traslados m\u00e1s agiles y seguros, mejorando as\u00ed su calidad de vida.<\/p>\n\n\n\n<figure class=\"wp-block-image size-large\"><img loading=\"lazy\" decoding=\"async\" width=\"1024\" height=\"682\" src=\"https:\/\/diariodigitalmx.com\/wp-content\/uploads\/2024\/04\/FOTO-2-5-1024x682.jpg\" alt=\"\" class=\"wp-image-117806\" srcset=\"https:\/\/diariodigitalmx.com\/wp-content\/uploads\/2024\/04\/FOTO-2-5-1024x682.jpg 1024w, https:\/\/diariodigitalmx.com\/wp-content\/uploads\/2024\/04\/FOTO-2-5-300x200.jpg 300w, https:\/\/diariodigitalmx.com\/wp-content\/uploads\/2024\/04\/FOTO-2-5-768x511.jpg 768w, https:\/\/diariodigitalmx.com\/wp-content\/uploads\/2024\/04\/FOTO-2-5.jpg 1280w\" sizes=\"(max-width: 1024px) 100vw, 1024px\" \/><\/figure>\n\n\n\n<p>\u201cLes vengo a presentar estas propuestas de movilidad que van a permitir que seamos el Municipio con mayor orden urbano, con mejores vialidades que dar\u00e1n la oportunidad de poder circular m\u00e1s r\u00e1pido y as\u00ed podamos pasar m\u00e1s tiempo con nuestras familias\u201d, expres\u00f3 el Candidato.<\/p>\n\n\n\n<figure class=\"wp-block-image size-full\"><img loading=\"lazy\" decoding=\"async\" width=\"720\" height=\"395\" src=\"https:\/\/diariodigitalmx.com\/wp-content\/uploads\/2024\/04\/Screenshot_20240425-175338_Gallery.jpg\" alt=\"\" class=\"wp-image-117810\" srcset=\"https:\/\/diariodigitalmx.com\/wp-content\/uploads\/2024\/04\/Screenshot_20240425-175338_Gallery.jpg 720w, https:\/\/diariodigitalmx.com\/wp-content\/uploads\/2024\/04\/Screenshot_20240425-175338_Gallery-300x165.jpg 300w\" sizes=\"(max-width: 720px) 100vw, 720px\" \/><\/figure>\n\n\n\n<p>Dentro de las acciones que se implementar\u00e1n para potencializar la movilidad de la Ciudad, est\u00e1 la construcci\u00f3n de un paso a desnivel sobre la Avenida Ra\u00fal Salinas y V\u00eda Torre\u00f3n, que generar\u00e1 viajes seguros al reducir la interferencia del tren con el paso vehicular.<br>Esta obra, tendr\u00e1 una inversi\u00f3n de m\u00e1s de 200 millones de pesos, adem\u00e1s contar\u00e1 con un cuerpo vehicular de cuatro carriles para la circulaci\u00f3n, dos por cada sentido.<br>Mijes, explic\u00f3 que se tendr\u00e1n tambi\u00e9n una serie de adecuaciones viales como conexiones, vueltas a la derecha, m\u00e1s carriles, introducci\u00f3n de un sistema de rutas intramunicipales y la mejora de la carpeta asf\u00e1ltica de las principales avenidas y calles de Escobedo.<br>\u201cLa idea es tener vialidades modernas, y yo veo a este proyecto como la oportunidad de poder circular m\u00e1s r\u00e1pido, para que todos podamos pasar m\u00e1s tiempo de calidad con nuestros seres queridos y tener viajes seguros\u201d, puntualiz\u00f3 Mijes.<br>A la par se trabajar\u00e1 para establecer que 66 intersecciones sean operadas con un Sistema de Semaforizaci\u00f3n Inteligente. El 100 por ciento de las avenidas principales de la Ciudad ser\u00e1n operadas por el SINTRAM (Sistema Integral de Tr\u00e1nsito Metropolitano), lo que permitir\u00e1 agilizar el tr\u00e1fico vehicular.<br>Adem\u00e1s, explic\u00f3 que con la prolongaci\u00f3n de la Avenida Monterrey se reducir\u00e1 en un 50 por ciento la carga vehicular de Camino Real. Otra de las obras que se tendr\u00e1 es la conexi\u00f3n de la Avenida Uni\u00f3n con la Calle Abasolo, la cual conectar\u00e1 la zona de Mirasur con el Centro sin tener que recorrer Ra\u00fal Salinas.<br>Tambi\u00e9n, se contempla la reconfiguraci\u00f3n de la vialidad y se har\u00e1 eficiente el tr\u00e1nsito en avenidas y carreteras.<br>Para generar una mayor conectividad en Escobedo, Mijes propuso la implementaci\u00f3n de un sistema de Rutas Intramunicipales, que permitir\u00e1 conectar la zona poniente con el Centro y el oriente de la Ciudad.<br>En total, abarcar\u00e1n 21 kil\u00f3metros y establecer\u00e1 conexiones con puntos de educaci\u00f3n, entretenimiento, trabajo y l\u00ednea de metro.<\/p>\n","protected":false},"excerpt":{"rendered":"<p>Con vialidades modernas, m\u00e1s rutas de transporte urbano y adecuaciones que reducir\u00e1n los tiempos de traslado, es como Andr\u00e9s Mijes propone transformar la Movilidad en Escobedo.El Candidato de la Coalici\u00f3n \u201cSigamos Haciendo Historia\u201d present\u00f3 este jueves el eje Movilidad para una Ciudad Sustentable, que est\u00e1 conformado por una serie de acciones que dar\u00e1n a las [&hellip;]<\/p>\n","protected":false},"author":1,"featured_media":117802,"comment_status":"open","ping_status":"open","sticky":true,"template":"","format":"standard","meta":{"footnotes":""},"categories":[14,6],"tags":[],"_links":{"self":[{"href":"https:\/\/diariodigitalmx.com\/index.php\/wp-json\/wp\/v2\/posts\/117800"}],"collection":[{"href":"https:\/\/diariodigitalmx.com\/index.php\/wp-json\/wp\/v2\/posts"}],"about":[{"href":"https:\/\/diariodigitalmx.com\/index.php\/wp-json\/wp\/v2\/types\/post"}],"author":[{"embeddable":true,"href":"https:\/\/diariodigitalmx.com\/index.php\/wp-json\/wp\/v2\/users\/1"}],"replies":[{"embeddable":true,"href":"https:\/\/diariodigitalmx.com\/index.php\/wp-json\/wp\/v2\/comments?post=117800"}],"version-history":[{"count":6,"href":"https:\/\/diariodigitalmx.com\/index.php\/wp-json\/wp\/v2\/posts\/117800\/revisions"}],"predecessor-version":[{"id":117812,"href":"https:\/\/diariodigitalmx.com\/index.php\/wp-json\/wp\/v2\/posts\/117800\/revisions\/117812"}],"wp:featuredmedia":[{"embeddable":true,"href":"https:\/\/diariodigitalmx.com\/index.php\/wp-json\/wp\/v2\/media\/117802"}],"wp:attachment":[{"href":"https:\/\/diariodigitalmx.com\/index.php\/wp-json\/wp\/v2\/media?parent=117800"}],"wp:term":[{"taxonomy":"category","embeddable":true,"href":"https:\/\/diariodigitalmx.com\/index.php\/wp-json\/wp\/v2\/categories?post=117800"},{"taxonomy":"post_tag","embeddable":true,"href":"https:\/\/diariodigitalmx.com\/index.php\/wp-json\/wp\/v2\/tags?post=117800"}],"curies":[{"name":"wp","href":"https:\/\/api.w.org\/{rel}","templated":true}]}}