{"id":117863,"date":"2024-04-26T21:28:17","date_gmt":"2024-04-27T02:28:17","guid":{"rendered":"https:\/\/diariodigitalmx.com\/?p=117863"},"modified":"2024-04-26T21:31:41","modified_gmt":"2024-04-27T02:31:41","slug":"american-monster-truck-mas-monstrosas-que-nunca","status":"publish","type":"post","link":"https:\/\/diariodigitalmx.com\/index.php\/2024\/04\/26\/american-monster-truck-mas-monstrosas-que-nunca\/","title":{"rendered":"American Monster Truck \u00a1M\u00e1s \u201cMonstrosas\u201d que nunca!"},"content":{"rendered":"\n<figure class=\"wp-block-video\"><video controls src=\"http:\/\/diariodigitalmx.com\/wp-content\/uploads\/2024\/04\/IMG_0191.mov\"><\/video><\/figure>\n\n\n\n<p>Con un nivel de producci\u00f3n nunca antes visto y un mont\u00f3n de sorpresas preparadas para los regios, es como los organizadores de esta primera edici\u00f3n prometen un espect\u00e1culo sin igual para toda la familia.<br>Este fin de semana se espera que la potencia de los motores, la adrenalina de los pilotos y la emoci\u00f3n de todos los espectadores, sean los principales protagonistas de la primera edici\u00f3n del American Monster Truck en la ciudad de Monterrey.<br>Carlos Taffinder, Presidente de Estaff Producciones y Carlos Ram\u00edrez, Productor del espect\u00e1culo, ofrecieron una peque\u00f1a conferencia de prensa al lado de algunos de los pilotos invitados a esta edici\u00f3n, adem\u00e1s de ofrecer un \u201cMedia Day\u201d a la prensa regiomontana para mostrarles un recorrido y parte de la experiencia que todas las familias podr\u00e1n disfrutar durante el evento.<\/p>\n\n\n\n<figure class=\"wp-block-image size-full\"><img loading=\"lazy\" decoding=\"async\" width=\"512\" height=\"384\" src=\"https:\/\/diariodigitalmx.com\/wp-content\/uploads\/2024\/04\/hl-15111902195.jpeg\" alt=\"\" class=\"wp-image-117869\" srcset=\"https:\/\/diariodigitalmx.com\/wp-content\/uploads\/2024\/04\/hl-15111902195.jpeg 512w, https:\/\/diariodigitalmx.com\/wp-content\/uploads\/2024\/04\/hl-15111902195-300x225.jpeg 300w\" sizes=\"(max-width: 512px) 100vw, 512px\" \/><\/figure>\n\n\n\n<p>\u201cEstamos muy entusiasmados, muy contentos con el resultado, esperamos que sea un evento que perdure, que sea una tradici\u00f3n aqu\u00ed en Monterrey\u2026\u201d coment\u00f3 Taffinder.<br>Es importante mencionar que adem\u00e1s del espect\u00e1culo principal, se contar\u00e1 con invitados especiales en la parte musical, Rock Jude Fest y Plastilina Mosh, quienes estar\u00e1n pisando el escenario el 27 y 28 de abril, respectivamente, adem\u00e1s de otras cuantas agrupaciones a lo largo del d\u00eda.<br>El evento se llevar\u00e1 a cabo este s\u00e1bado 27 y domingo 28 de abril en el parque 212 , ubicado en la Carretera Nacional a tan solo 15 minutos del centro de Monterrey, te invitamos a consultar la venta de boletos en taquillas o a trav\u00e9s del sistema Super Boletos, en donde podr\u00e1n aprovechar una promoci\u00f3n del 2&#215;1.<br>Para m\u00e1s informaci\u00f3n pueden consultar las redes oficiales del evento, encu\u00e9ntralas como @americanmonstertrucks<\/p>\n","protected":false},"excerpt":{"rendered":"<p>Con un nivel de producci\u00f3n nunca antes visto y un mont\u00f3n de sorpresas preparadas para los regios, es como los organizadores de esta primera edici\u00f3n prometen un espect\u00e1culo sin igual para toda la familia.Este fin de semana se espera que la potencia de los motores, la adrenalina de los pilotos y la emoci\u00f3n de todos [&hellip;]<\/p>\n","protected":false},"author":1,"featured_media":117865,"comment_status":"open","ping_status":"open","sticky":true,"template":"","format":"standard","meta":{"footnotes":""},"categories":[8,14],"tags":[],"_links":{"self":[{"href":"https:\/\/diariodigitalmx.com\/index.php\/wp-json\/wp\/v2\/posts\/117863"}],"collection":[{"href":"https:\/\/diariodigitalmx.com\/index.php\/wp-json\/wp\/v2\/posts"}],"about":[{"href":"https:\/\/diariodigitalmx.com\/index.php\/wp-json\/wp\/v2\/types\/post"}],"author":[{"embeddable":true,"href":"https:\/\/diariodigitalmx.com\/index.php\/wp-json\/wp\/v2\/users\/1"}],"replies":[{"embeddable":true,"href":"https:\/\/diariodigitalmx.com\/index.php\/wp-json\/wp\/v2\/comments?post=117863"}],"version-history":[{"count":3,"href":"https:\/\/diariodigitalmx.com\/index.php\/wp-json\/wp\/v2\/posts\/117863\/revisions"}],"predecessor-version":[{"id":117871,"href":"https:\/\/diariodigitalmx.com\/index.php\/wp-json\/wp\/v2\/posts\/117863\/revisions\/117871"}],"wp:featuredmedia":[{"embeddable":true,"href":"https:\/\/diariodigitalmx.com\/index.php\/wp-json\/wp\/v2\/media\/117865"}],"wp:attachment":[{"href":"https:\/\/diariodigitalmx.com\/index.php\/wp-json\/wp\/v2\/media?parent=117863"}],"wp:term":[{"taxonomy":"category","embeddable":true,"href":"https:\/\/diariodigitalmx.com\/index.php\/wp-json\/wp\/v2\/categories?post=117863"},{"taxonomy":"post_tag","embeddable":true,"href":"https:\/\/diariodigitalmx.com\/index.php\/wp-json\/wp\/v2\/tags?post=117863"}],"curies":[{"name":"wp","href":"https:\/\/api.w.org\/{rel}","templated":true}]}}