{"id":117872,"date":"2024-04-26T23:01:15","date_gmt":"2024-04-27T04:01:15","guid":{"rendered":"https:\/\/diariodigitalmx.com\/?p=117872"},"modified":"2024-04-26T23:04:31","modified_gmt":"2024-04-27T04:04:31","slug":"busca-mijes-impulsar-comercio-e-industria","status":"publish","type":"post","link":"https:\/\/diariodigitalmx.com\/index.php\/2024\/04\/26\/busca-mijes-impulsar-comercio-e-industria\/","title":{"rendered":"Busca Mijes impulsar comercio e industria"},"content":{"rendered":"\n<p><br>En una reuni\u00f3n organizada por integrantes de CAINTRA, el Candidato de la Coalici\u00f3n \u201cSigamos Haciendo Historia\u201d, Andr\u00e9s Mijes anunci\u00f3 que dentro de sus propuestas est\u00e1 el impulsar el desarrollo comercial e industrial en Escobedo.<br>Mijes present\u00f3 ante los socios del Consejo Norte de la C\u00e1mara de la Industria de la Transformaci\u00f3n, encabezada por Jos\u00e9 Antonio Gonz\u00e1lez Villarreal, su estrategia para fortalecer a las empresas.<\/p>\n\n\n\n<figure class=\"wp-block-image size-large\"><img loading=\"lazy\" decoding=\"async\" width=\"1024\" height=\"682\" src=\"https:\/\/diariodigitalmx.com\/wp-content\/uploads\/2024\/04\/FOTO-1-4-1024x682.jpg\" alt=\"\" class=\"wp-image-117875\" srcset=\"https:\/\/diariodigitalmx.com\/wp-content\/uploads\/2024\/04\/FOTO-1-4-1024x682.jpg 1024w, https:\/\/diariodigitalmx.com\/wp-content\/uploads\/2024\/04\/FOTO-1-4-300x200.jpg 300w, https:\/\/diariodigitalmx.com\/wp-content\/uploads\/2024\/04\/FOTO-1-4-768x511.jpg 768w, https:\/\/diariodigitalmx.com\/wp-content\/uploads\/2024\/04\/FOTO-1-4.jpg 1280w\" sizes=\"(max-width: 1024px) 100vw, 1024px\" \/><\/figure>\n\n\n\n<p>Con el respaldo de los empresarios presentes, Mijes dijo que su plan de trabajo se centra en generar un equilibrio de los componentes urbanos para reducir la brecha de la desigualdad, siendo la industria la clave para ello.<br>\u201cYo quiero reiterarles la apertura, busco el equilibrio de los componentes urbanos para que la gente viva en Escobedo, trabaje en Escobedo y tenga la satisfacci\u00f3n de sus servicios en Escobedo, pero tambi\u00e9n reducir la brecha de la desigualdad y la industria es la clave por ello.<\/p>\n\n\n\n<figure class=\"wp-block-image size-large\"><img loading=\"lazy\" decoding=\"async\" width=\"1024\" height=\"682\" src=\"https:\/\/diariodigitalmx.com\/wp-content\/uploads\/2024\/04\/FOTO-2-6-1024x682.jpg\" alt=\"\" class=\"wp-image-117878\" srcset=\"https:\/\/diariodigitalmx.com\/wp-content\/uploads\/2024\/04\/FOTO-2-6-1024x682.jpg 1024w, https:\/\/diariodigitalmx.com\/wp-content\/uploads\/2024\/04\/FOTO-2-6-300x200.jpg 300w, https:\/\/diariodigitalmx.com\/wp-content\/uploads\/2024\/04\/FOTO-2-6-768x512.jpg 768w, https:\/\/diariodigitalmx.com\/wp-content\/uploads\/2024\/04\/FOTO-2-6-1536x1023.jpg 1536w, https:\/\/diariodigitalmx.com\/wp-content\/uploads\/2024\/04\/FOTO-2-6-2048x1364.jpg 2048w\" sizes=\"(max-width: 1024px) 100vw, 1024px\" \/><\/figure>\n\n\n\n<p>\u201cEstoy consciente de que hay que darles facilidades, nos han apoyado siempre, por lo que, si el voto nos beneficia este dos de junio, continuaremos trabajando para atender sus solicitudes\u201d, se\u00f1al\u00f3 el Candidato.<br>Los empresarios presentes le externaron a Mijes su apoyo para reforzar las pol\u00edticas p\u00fablicas para mejorar la seguridad, la simplificaci\u00f3n de tr\u00e1mites, servicios p\u00fablicos, movilidad y sustentabilidad.<br>\u201cT\u00fa eres una persona muy abierta, siempre nos escuchas y te agradecemos para que sigas as\u00ed, siendo un Alcalde ejemplar en este sentido\u201d, refiri\u00f3 Gonz\u00e1lez Villarreal.<br>Dentro del plan para detonar la industria en Escobedo. est\u00e1 el continuar simplificando los tr\u00e1mites existentes, digitalizando los procesos para una atenci\u00f3n eficaz.<br>Adem\u00e1s, prev\u00e9 reforzar las ferias de empleo para que ciudadanos de Escobedo trabajen en las empresas instaladas en la Ciudad.<br>Mijes explic\u00f3 que dentro de sus compromisos est\u00e1 el crear el Centro de Negocios del Distrito Industrial de Log\u00edstica para que m\u00e1s empresas vean a Escobedo como su casa.<\/p>\n","protected":false},"excerpt":{"rendered":"<p>En una reuni\u00f3n organizada por integrantes de CAINTRA, el Candidato de la Coalici\u00f3n \u201cSigamos Haciendo Historia\u201d, Andr\u00e9s Mijes anunci\u00f3 que dentro de sus propuestas est\u00e1 el impulsar el desarrollo comercial e industrial en Escobedo.Mijes present\u00f3 ante los socios del Consejo Norte de la C\u00e1mara de la Industria de la Transformaci\u00f3n, encabezada por Jos\u00e9 Antonio Gonz\u00e1lez [&hellip;]<\/p>\n","protected":false},"author":1,"featured_media":117874,"comment_status":"open","ping_status":"open","sticky":true,"template":"","format":"standard","meta":{"footnotes":""},"categories":[14,6],"tags":[],"_links":{"self":[{"href":"https:\/\/diariodigitalmx.com\/index.php\/wp-json\/wp\/v2\/posts\/117872"}],"collection":[{"href":"https:\/\/diariodigitalmx.com\/index.php\/wp-json\/wp\/v2\/posts"}],"about":[{"href":"https:\/\/diariodigitalmx.com\/index.php\/wp-json\/wp\/v2\/types\/post"}],"author":[{"embeddable":true,"href":"https:\/\/diariodigitalmx.com\/index.php\/wp-json\/wp\/v2\/users\/1"}],"replies":[{"embeddable":true,"href":"https:\/\/diariodigitalmx.com\/index.php\/wp-json\/wp\/v2\/comments?post=117872"}],"version-history":[{"count":3,"href":"https:\/\/diariodigitalmx.com\/index.php\/wp-json\/wp\/v2\/posts\/117872\/revisions"}],"predecessor-version":[{"id":117879,"href":"https:\/\/diariodigitalmx.com\/index.php\/wp-json\/wp\/v2\/posts\/117872\/revisions\/117879"}],"wp:featuredmedia":[{"embeddable":true,"href":"https:\/\/diariodigitalmx.com\/index.php\/wp-json\/wp\/v2\/media\/117874"}],"wp:attachment":[{"href":"https:\/\/diariodigitalmx.com\/index.php\/wp-json\/wp\/v2\/media?parent=117872"}],"wp:term":[{"taxonomy":"category","embeddable":true,"href":"https:\/\/diariodigitalmx.com\/index.php\/wp-json\/wp\/v2\/categories?post=117872"},{"taxonomy":"post_tag","embeddable":true,"href":"https:\/\/diariodigitalmx.com\/index.php\/wp-json\/wp\/v2\/tags?post=117872"}],"curies":[{"name":"wp","href":"https:\/\/api.w.org\/{rel}","templated":true}]}}