{"id":117880,"date":"2024-04-27T07:24:52","date_gmt":"2024-04-27T12:24:52","guid":{"rendered":"https:\/\/diariodigitalmx.com\/?p=117880"},"modified":"2024-04-27T07:28:01","modified_gmt":"2024-04-27T12:28:01","slug":"ni-lo-viejo-ni-lo-nuevo-el-partido-del-trabajo-va-por-lo-bueno-en-monterrey","status":"publish","type":"post","link":"https:\/\/diariodigitalmx.com\/index.php\/2024\/04\/27\/ni-lo-viejo-ni-lo-nuevo-el-partido-del-trabajo-va-por-lo-bueno-en-monterrey\/","title":{"rendered":"Ni lo viejo, ni lo nuevo, el Partido del Trabajo va por lo bueno en Monterrey"},"content":{"rendered":"\n<figure class=\"wp-block-image size-full\"><img loading=\"lazy\" decoding=\"async\" width=\"720\" height=\"863\" src=\"https:\/\/diariodigitalmx.com\/wp-content\/uploads\/2024\/04\/IMG-20240425-WA0158.jpg\" alt=\"\" class=\"wp-image-117884\" srcset=\"https:\/\/diariodigitalmx.com\/wp-content\/uploads\/2024\/04\/IMG-20240425-WA0158.jpg 720w, https:\/\/diariodigitalmx.com\/wp-content\/uploads\/2024\/04\/IMG-20240425-WA0158-250x300.jpg 250w\" sizes=\"(max-width: 720px) 100vw, 720px\" \/><\/figure>\n\n\n\n<p>As\u00ed lo se\u00f1alaron Ranulfo Mart\u00ednez Valdez, candidato a Alcalde de Monterrey y Asael Sep\u00falveda Mart\u00ednez, candidato a Diputado Local por el Distrito 2<\/p>\n\n\n\n<p>Tras recorrer la colonia Tierra y Libertad, ambos candidatos manifestaron que van porque siga lo bueno de la Cuarta Transformaci\u00f3n (4T)<\/p>\n\n\n\n<figure class=\"wp-block-image size-full\"><img loading=\"lazy\" decoding=\"async\" width=\"945\" height=\"642\" src=\"https:\/\/diariodigitalmx.com\/wp-content\/uploads\/2024\/04\/IMG-20240425-WA0163.jpg\" alt=\"\" class=\"wp-image-117886\" srcset=\"https:\/\/diariodigitalmx.com\/wp-content\/uploads\/2024\/04\/IMG-20240425-WA0163.jpg 945w, https:\/\/diariodigitalmx.com\/wp-content\/uploads\/2024\/04\/IMG-20240425-WA0163-300x204.jpg 300w, https:\/\/diariodigitalmx.com\/wp-content\/uploads\/2024\/04\/IMG-20240425-WA0163-768x522.jpg 768w\" sizes=\"(max-width: 945px) 100vw, 945px\" \/><\/figure>\n\n\n\n<p>Al saludar y escuchar a decenas de habitantes, pidieron apoyar el segundo piso de la 4T que propone la candidata presidencial, Claudia Sheinbaum.<\/p>\n\n\n\n<p>\u201cEl PT es la 4T y transformar implica tener mejores servicios y m\u00e1s oportunidades\u201d, dijo Asael Sep\u00falveda.<\/p>\n\n\n\n<p>Reconoci\u00f3 a las y a los fundadores de la colonia Tierra y Libertad por 51 a\u00f1os de lucha social y pol\u00edtica para transformar desde abajo a la sociedad.<\/p>\n\n\n\n<figure class=\"wp-block-gallery has-nested-images columns-default is-cropped wp-block-gallery-1 is-layout-flex wp-block-gallery-is-layout-flex\">\n<figure class=\"wp-block-image size-large\"><img loading=\"lazy\" decoding=\"async\" width=\"819\" height=\"1024\" data-id=\"117889\" src=\"https:\/\/diariodigitalmx.com\/wp-content\/uploads\/2024\/04\/IMG-20240425-WA0159-819x1024.jpg\" alt=\"\" class=\"wp-image-117889\" srcset=\"https:\/\/diariodigitalmx.com\/wp-content\/uploads\/2024\/04\/IMG-20240425-WA0159-819x1024.jpg 819w, https:\/\/diariodigitalmx.com\/wp-content\/uploads\/2024\/04\/IMG-20240425-WA0159-240x300.jpg 240w, https:\/\/diariodigitalmx.com\/wp-content\/uploads\/2024\/04\/IMG-20240425-WA0159-768x960.jpg 768w, https:\/\/diariodigitalmx.com\/wp-content\/uploads\/2024\/04\/IMG-20240425-WA0159.jpg 1024w\" sizes=\"(max-width: 819px) 100vw, 819px\" \/><\/figure>\n\n\n\n<figure class=\"wp-block-image size-large\"><img loading=\"lazy\" decoding=\"async\" width=\"706\" height=\"715\" data-id=\"117890\" src=\"https:\/\/diariodigitalmx.com\/wp-content\/uploads\/2024\/04\/IMG-20240425-WA0160.jpg\" alt=\"\" class=\"wp-image-117890\" srcset=\"https:\/\/diariodigitalmx.com\/wp-content\/uploads\/2024\/04\/IMG-20240425-WA0160.jpg 706w, https:\/\/diariodigitalmx.com\/wp-content\/uploads\/2024\/04\/IMG-20240425-WA0160-296x300.jpg 296w\" sizes=\"(max-width: 706px) 100vw, 706px\" \/><\/figure>\n\n\n\n<figure class=\"wp-block-image size-large\"><img loading=\"lazy\" decoding=\"async\" width=\"711\" height=\"695\" data-id=\"117891\" src=\"https:\/\/diariodigitalmx.com\/wp-content\/uploads\/2024\/04\/IMG-20240425-WA0162.jpg\" alt=\"\" class=\"wp-image-117891\" srcset=\"https:\/\/diariodigitalmx.com\/wp-content\/uploads\/2024\/04\/IMG-20240425-WA0162.jpg 711w, https:\/\/diariodigitalmx.com\/wp-content\/uploads\/2024\/04\/IMG-20240425-WA0162-300x293.jpg 300w\" sizes=\"(max-width: 711px) 100vw, 711px\" \/><\/figure>\n<\/figure>\n\n\n\n<p>Por su parte, Ranulfo Mart\u00ednez los invit\u00f3 a votar por lo bueno, no por lo viejo ni por lo supuestamente nuevo.<\/p>\n\n\n\n<p>\u201cCon la fuerza de la gente vamos por un gobierno municipal de Monterrey que sirva al pueblo\u201d, se\u00f1al\u00f3.<\/p>\n\n\n\n<p>Los candidatos petistas agradecieron a los colonos por acompa\u00f1arlos en el recorrido, con el compromiso de trabajar por un mejor futuro de Monterrey.<\/p>\n\n\n\n<p>Ranulfo Martinez coment\u00f3 que intensificar\u00e1 la campa\u00f1a en los dem\u00e1s distritos regios.<\/p>\n\n\n\n<p>Refiri\u00f3 que har\u00e1 recorridos acompa\u00f1ado por Adriana B\u00e1ez, candidata al Distrito 8; Ignacio Orozco, candidato al Distrito 1; Roberto Medina, candidato a Distrito 3 y Grindelia Mart\u00ednez, al Distrito 6.<\/p>\n","protected":false},"excerpt":{"rendered":"<p>As\u00ed lo se\u00f1alaron Ranulfo Mart\u00ednez Valdez, candidato a Alcalde de Monterrey y Asael Sep\u00falveda Mart\u00ednez, candidato a Diputado Local por el Distrito 2 Tras recorrer la colonia Tierra y Libertad, ambos candidatos manifestaron que van porque siga lo bueno de la Cuarta Transformaci\u00f3n (4T) Al saludar y escuchar a decenas de habitantes, pidieron apoyar el [&hellip;]<\/p>\n","protected":false},"author":1,"featured_media":117882,"comment_status":"open","ping_status":"open","sticky":true,"template":"","format":"standard","meta":{"footnotes":""},"categories":[14,6],"tags":[],"_links":{"self":[{"href":"https:\/\/diariodigitalmx.com\/index.php\/wp-json\/wp\/v2\/posts\/117880"}],"collection":[{"href":"https:\/\/diariodigitalmx.com\/index.php\/wp-json\/wp\/v2\/posts"}],"about":[{"href":"https:\/\/diariodigitalmx.com\/index.php\/wp-json\/wp\/v2\/types\/post"}],"author":[{"embeddable":true,"href":"https:\/\/diariodigitalmx.com\/index.php\/wp-json\/wp\/v2\/users\/1"}],"replies":[{"embeddable":true,"href":"https:\/\/diariodigitalmx.com\/index.php\/wp-json\/wp\/v2\/comments?post=117880"}],"version-history":[{"count":4,"href":"https:\/\/diariodigitalmx.com\/index.php\/wp-json\/wp\/v2\/posts\/117880\/revisions"}],"predecessor-version":[{"id":117892,"href":"https:\/\/diariodigitalmx.com\/index.php\/wp-json\/wp\/v2\/posts\/117880\/revisions\/117892"}],"wp:featuredmedia":[{"embeddable":true,"href":"https:\/\/diariodigitalmx.com\/index.php\/wp-json\/wp\/v2\/media\/117882"}],"wp:attachment":[{"href":"https:\/\/diariodigitalmx.com\/index.php\/wp-json\/wp\/v2\/media?parent=117880"}],"wp:term":[{"taxonomy":"category","embeddable":true,"href":"https:\/\/diariodigitalmx.com\/index.php\/wp-json\/wp\/v2\/categories?post=117880"},{"taxonomy":"post_tag","embeddable":true,"href":"https:\/\/diariodigitalmx.com\/index.php\/wp-json\/wp\/v2\/tags?post=117880"}],"curies":[{"name":"wp","href":"https:\/\/api.w.org\/{rel}","templated":true}]}}