{"id":118210,"date":"2024-05-01T16:05:31","date_gmt":"2024-05-01T21:05:31","guid":{"rendered":"https:\/\/diariodigitalmx.com\/?p=118210"},"modified":"2024-05-01T16:08:34","modified_gmt":"2024-05-01T21:08:34","slug":"abarrotan-vecinos-de-zona-sur-reunion-con-adrian-de-la-garza","status":"publish","type":"post","link":"https:\/\/diariodigitalmx.com\/index.php\/2024\/05\/01\/abarrotan-vecinos-de-zona-sur-reunion-con-adrian-de-la-garza\/","title":{"rendered":"Abarrotan vecinos de zona sur reuni\u00f3n con Adri\u00e1n de la Garza"},"content":{"rendered":"\n<p><em>Denuncian descuido de sus colonias y demandan servicios p\u00fablicos de calidad<\/em><\/p>\n\n\n\n<p>Una nutrida presencia de habitantes de la zona sur se registr\u00f3 en la junta vecinal que encabez\u00f3 el candidato del PRI, PAN y PRD al gobierno de Monterrey, Adri\u00e1n de la Garza Santos, en la colonia Las Brisas.<\/p>\n\n\n\n<p>Durante varias horas, los asistentes no s\u00f3lo escucharon las propuestas del aspirante de la alianza \u201cFuerza y coraz\u00f3n por Nuevo Le\u00f3n\u201d, sino que tambi\u00e9n le plantearon soluciones para los problemas de la zona que son los mismos que se registran en casi toda la ciudad.<\/p>\n\n\n\n<figure class=\"wp-block-image size-large\"><img loading=\"lazy\" decoding=\"async\" width=\"1024\" height=\"682\" src=\"https:\/\/diariodigitalmx.com\/wp-content\/uploads\/2024\/05\/IMG-20240501-WA0081-1024x682.jpg\" alt=\"\" class=\"wp-image-118214\" srcset=\"https:\/\/diariodigitalmx.com\/wp-content\/uploads\/2024\/05\/IMG-20240501-WA0081-1024x682.jpg 1024w, https:\/\/diariodigitalmx.com\/wp-content\/uploads\/2024\/05\/IMG-20240501-WA0081-300x200.jpg 300w, https:\/\/diariodigitalmx.com\/wp-content\/uploads\/2024\/05\/IMG-20240501-WA0081-768x512.jpg 768w, https:\/\/diariodigitalmx.com\/wp-content\/uploads\/2024\/05\/IMG-20240501-WA0081.jpg 1280w\" sizes=\"(max-width: 1024px) 100vw, 1024px\" \/><\/figure>\n\n\n\n<p>La inseguridad, la carencia de servicios p\u00fablicos, crisis de agua, y movilidad colapsada, fueron algunos de los temas abordados por los vecinos, para los cuales, Adri\u00e1n de la Garza enumer\u00f3 los proyectos que ya tiene para resolverlos.<\/p>\n\n\n\n<p>Bajo la premisa de que no representa a la vieja pol\u00edtica, sino a la pol\u00edtica eficiente, el candidato repas\u00f3 los conceptos de su programa ESCUDO para devolver la tranquilidad a las colonias de Monterrey, con polic\u00eda de proximidad, con nuevos grupos y unidades, adem\u00e1s del uso de tecnolog\u00eda de punta para la vigilancia.<\/p>\n\n\n\n<figure class=\"wp-block-image size-large\"><img loading=\"lazy\" decoding=\"async\" width=\"1024\" height=\"682\" src=\"https:\/\/diariodigitalmx.com\/wp-content\/uploads\/2024\/05\/IMG-20240501-WA0082-1024x682.jpg\" alt=\"\" class=\"wp-image-118217\" srcset=\"https:\/\/diariodigitalmx.com\/wp-content\/uploads\/2024\/05\/IMG-20240501-WA0082-1024x682.jpg 1024w, https:\/\/diariodigitalmx.com\/wp-content\/uploads\/2024\/05\/IMG-20240501-WA0082-300x200.jpg 300w, https:\/\/diariodigitalmx.com\/wp-content\/uploads\/2024\/05\/IMG-20240501-WA0082-768x512.jpg 768w, https:\/\/diariodigitalmx.com\/wp-content\/uploads\/2024\/05\/IMG-20240501-WA0082.jpg 1280w\" sizes=\"(max-width: 1024px) 100vw, 1024px\" \/><\/figure>\n\n\n\n<p>Para el desabasto de agua, reiter\u00f3 que aprovechar\u00e1 que la ciudad es la \u00fanica de la metr\u00f3poli que cuenta con un lugar en el Consejo de la paraestatal Agua y Drenaje, por lo que plantear\u00e1 una serie de acciones para que los regiomontanos cuenten con el servicio y que adem\u00e1s reciban en la zona sur agua potable.<\/p>\n\n\n\n<p>Por estar cerca de la salida a la Carretera Nacional, las vialidades aleda\u00f1as a todos los sectores de las colonias Las Brisas y Las Torres padecen diariamente, incluyendo los fines de semana los efectos del congestionamiento vehicular.<\/p>\n\n\n\n<figure class=\"wp-block-image size-large\"><img loading=\"lazy\" decoding=\"async\" width=\"683\" height=\"1024\" src=\"https:\/\/diariodigitalmx.com\/wp-content\/uploads\/2024\/05\/IMG-20240501-WA0080-683x1024.jpg\" alt=\"\" class=\"wp-image-118219\" srcset=\"https:\/\/diariodigitalmx.com\/wp-content\/uploads\/2024\/05\/IMG-20240501-WA0080-683x1024.jpg 683w, https:\/\/diariodigitalmx.com\/wp-content\/uploads\/2024\/05\/IMG-20240501-WA0080-200x300.jpg 200w, https:\/\/diariodigitalmx.com\/wp-content\/uploads\/2024\/05\/IMG-20240501-WA0080-768x1152.jpg 768w, https:\/\/diariodigitalmx.com\/wp-content\/uploads\/2024\/05\/IMG-20240501-WA0080-1024x1536.jpg 1024w, https:\/\/diariodigitalmx.com\/wp-content\/uploads\/2024\/05\/IMG-20240501-WA0080-1365x2048.jpg 1365w, https:\/\/diariodigitalmx.com\/wp-content\/uploads\/2024\/05\/IMG-20240501-WA0080-scaled.jpg 1706w\" sizes=\"(max-width: 683px) 100vw, 683px\" \/><\/figure>\n\n\n\n<p>El candidato repas\u00f3 las obras de infraestructura vial dise\u00f1adas para el sector y anticip\u00f3 que desde el primer d\u00eda en la administraci\u00f3n municipal emprender\u00e1 medidas que apoyen al desfogue de las arterias.<\/p>\n\n\n\n<p>Record\u00f3 que los contraflujos que a \u00e9l le toc\u00f3 implementar surgieron como propuesta de un vecino del rumbo, que se acerc\u00f3 con \u00e9l en su periodo como alcalde, por eso elogi\u00f3 la valiosa colaboraci\u00f3n de los regiomontanos.<\/p>\n\n\n\n<p>Dijo que en conjunto trabajar\u00e1n para resolver las necesidades de la ciudadan\u00eda y permaneci\u00f3 con los vecinos hasta casi la media noche.<\/p>\n","protected":false},"excerpt":{"rendered":"<p>Denuncian descuido de sus colonias y demandan servicios p\u00fablicos de calidad Una nutrida presencia de habitantes de la zona sur se registr\u00f3 en la junta vecinal que encabez\u00f3 el candidato del PRI, PAN y PRD al gobierno de Monterrey, Adri\u00e1n de la Garza Santos, en la colonia Las Brisas. Durante varias horas, los asistentes no [&hellip;]<\/p>\n","protected":false},"author":1,"featured_media":118212,"comment_status":"open","ping_status":"open","sticky":true,"template":"","format":"standard","meta":{"footnotes":""},"categories":[14,6],"tags":[],"_links":{"self":[{"href":"https:\/\/diariodigitalmx.com\/index.php\/wp-json\/wp\/v2\/posts\/118210"}],"collection":[{"href":"https:\/\/diariodigitalmx.com\/index.php\/wp-json\/wp\/v2\/posts"}],"about":[{"href":"https:\/\/diariodigitalmx.com\/index.php\/wp-json\/wp\/v2\/types\/post"}],"author":[{"embeddable":true,"href":"https:\/\/diariodigitalmx.com\/index.php\/wp-json\/wp\/v2\/users\/1"}],"replies":[{"embeddable":true,"href":"https:\/\/diariodigitalmx.com\/index.php\/wp-json\/wp\/v2\/comments?post=118210"}],"version-history":[{"count":4,"href":"https:\/\/diariodigitalmx.com\/index.php\/wp-json\/wp\/v2\/posts\/118210\/revisions"}],"predecessor-version":[{"id":118220,"href":"https:\/\/diariodigitalmx.com\/index.php\/wp-json\/wp\/v2\/posts\/118210\/revisions\/118220"}],"wp:featuredmedia":[{"embeddable":true,"href":"https:\/\/diariodigitalmx.com\/index.php\/wp-json\/wp\/v2\/media\/118212"}],"wp:attachment":[{"href":"https:\/\/diariodigitalmx.com\/index.php\/wp-json\/wp\/v2\/media?parent=118210"}],"wp:term":[{"taxonomy":"category","embeddable":true,"href":"https:\/\/diariodigitalmx.com\/index.php\/wp-json\/wp\/v2\/categories?post=118210"},{"taxonomy":"post_tag","embeddable":true,"href":"https:\/\/diariodigitalmx.com\/index.php\/wp-json\/wp\/v2\/tags?post=118210"}],"curies":[{"name":"wp","href":"https:\/\/api.w.org\/{rel}","templated":true}]}}