{"id":118221,"date":"2024-05-01T16:14:03","date_gmt":"2024-05-01T21:14:03","guid":{"rendered":"https:\/\/diariodigitalmx.com\/?p=118221"},"modified":"2024-05-01T16:15:04","modified_gmt":"2024-05-01T21:15:04","slug":"va-jose-luis-garza-ochoa-por-programa-de-inspectores-ambientales-en-guadalupe","status":"publish","type":"post","link":"https:\/\/diariodigitalmx.com\/index.php\/2024\/05\/01\/va-jose-luis-garza-ochoa-por-programa-de-inspectores-ambientales-en-guadalupe\/","title":{"rendered":"Va Jos\u00e9 Luis Garza Ochoa por programa de inspectores ambientales en Guadalupe"},"content":{"rendered":"\n<p><strong>Guadalupe, NL. &#8211;\u00a0<\/strong>En su cuarto eje de campa\u00f1a por un\u00a0<strong>GUADALUPE SUSTENTABLE<\/strong>, Jos\u00e9 Luis Garza Ochoa, candidato a la Alcald\u00eda de Guadalupe por la coalici\u00f3n Fuerza y Coraz\u00f3n X Nuevo Le\u00f3n integrada por PRI, PAN y PRD, dijo que integrar\u00e1 en su Gobierno el programa \u201c<strong>INSPECTORES AMBIENTALES\u201d<\/strong>\u00a0en materia de medioambiente que eval\u00faen y verifiquen el cumplimiento de las normas en esta materia, con el objetivo de preservar un entorno natural y seguro para los guadalupenses.<\/p>\n\n\n\n<p>El candidato a\u00f1adi\u00f3 que el personal con competencia en materia de medioambiente ser\u00e1 capacitado para actuar&nbsp;<a href=\"https:\/\/www.gob.mx\/cms\/uploads\/attachment\/file\/222229\/EL_INSPECTOR_AMBIENTAL_FEDERAL.pdf\" target=\"_blank\" rel=\"noreferrer noopener\">con justicia, equidad e integridad, evitando abusar de su autoridad y manteniendo altos est\u00e1ndares de desempe\u00f1o en su trabajo y conducta \u00e9tica<\/a>.<\/p>\n\n\n\n<p>\u201cVamos a reforzar todas estas acciones con el programa de&nbsp;<strong>INSPECTORES AMBIENTALES<\/strong>, un \u00e1rea especializada de la Secretar\u00eda de Servicios P\u00fablicos e Infraestructura, para vigilar que el municipio opere con criterios sustentables.<\/p>\n\n\n\n<p>\u201cLos gobiernos locales debemos actuar con liderazgo y asumir nuestro compromiso en el cuidado del medio ambiente y el combate al cambio clim\u00e1tico\u201d, expres\u00f3 el candidato.<\/p>\n\n\n\n<p>En sus actividades de campa\u00f1a, Garza Ochoa recorri\u00f3 las colonias Tierra Propia Primer Sector, Josefa Zozaya y Polic\u00eda Auxiliar. Tambi\u00e9n se reuni\u00f3 con vecinos de las colonias Tres Caminos, Eduardo Caballero y Provivienda Guadalupe.<\/p>\n","protected":false},"excerpt":{"rendered":"<p>Guadalupe, NL. &#8211;\u00a0En su cuarto eje de campa\u00f1a por un\u00a0GUADALUPE SUSTENTABLE, Jos\u00e9 Luis Garza Ochoa, candidato a la Alcald\u00eda de Guadalupe por la coalici\u00f3n Fuerza y Coraz\u00f3n X Nuevo Le\u00f3n integrada por PRI, PAN y PRD, dijo que integrar\u00e1 en su Gobierno el programa \u201cINSPECTORES AMBIENTALES\u201d\u00a0en materia de medioambiente que eval\u00faen y verifiquen el cumplimiento [&hellip;]<\/p>\n","protected":false},"author":1,"featured_media":118223,"comment_status":"open","ping_status":"open","sticky":true,"template":"","format":"standard","meta":{"footnotes":""},"categories":[6,5],"tags":[],"_links":{"self":[{"href":"https:\/\/diariodigitalmx.com\/index.php\/wp-json\/wp\/v2\/posts\/118221"}],"collection":[{"href":"https:\/\/diariodigitalmx.com\/index.php\/wp-json\/wp\/v2\/posts"}],"about":[{"href":"https:\/\/diariodigitalmx.com\/index.php\/wp-json\/wp\/v2\/types\/post"}],"author":[{"embeddable":true,"href":"https:\/\/diariodigitalmx.com\/index.php\/wp-json\/wp\/v2\/users\/1"}],"replies":[{"embeddable":true,"href":"https:\/\/diariodigitalmx.com\/index.php\/wp-json\/wp\/v2\/comments?post=118221"}],"version-history":[{"count":1,"href":"https:\/\/diariodigitalmx.com\/index.php\/wp-json\/wp\/v2\/posts\/118221\/revisions"}],"predecessor-version":[{"id":118222,"href":"https:\/\/diariodigitalmx.com\/index.php\/wp-json\/wp\/v2\/posts\/118221\/revisions\/118222"}],"wp:featuredmedia":[{"embeddable":true,"href":"https:\/\/diariodigitalmx.com\/index.php\/wp-json\/wp\/v2\/media\/118223"}],"wp:attachment":[{"href":"https:\/\/diariodigitalmx.com\/index.php\/wp-json\/wp\/v2\/media?parent=118221"}],"wp:term":[{"taxonomy":"category","embeddable":true,"href":"https:\/\/diariodigitalmx.com\/index.php\/wp-json\/wp\/v2\/categories?post=118221"},{"taxonomy":"post_tag","embeddable":true,"href":"https:\/\/diariodigitalmx.com\/index.php\/wp-json\/wp\/v2\/tags?post=118221"}],"curies":[{"name":"wp","href":"https:\/\/api.w.org\/{rel}","templated":true}]}}