{"id":118230,"date":"2024-05-02T00:36:01","date_gmt":"2024-05-02T05:36:01","guid":{"rendered":"https:\/\/diariodigitalmx.com\/?p=118230"},"modified":"2024-05-02T00:42:29","modified_gmt":"2024-05-02T05:42:29","slug":"marchan-abanderados-del-pt-por-causas-de-obreros-y-trabajadores","status":"publish","type":"post","link":"https:\/\/diariodigitalmx.com\/index.php\/2024\/05\/02\/marchan-abanderados-del-pt-por-causas-de-obreros-y-trabajadores\/","title":{"rendered":"Marchan abanderados del PT por causas de obreros y trabajadores"},"content":{"rendered":"\n<figure class=\"wp-block-image size-large\"><img loading=\"lazy\" decoding=\"async\" width=\"1024\" height=\"768\" src=\"https:\/\/diariodigitalmx.com\/wp-content\/uploads\/2024\/05\/IMG-20240501-WA0196-1024x768.jpg\" alt=\"\" class=\"wp-image-118234\" srcset=\"https:\/\/diariodigitalmx.com\/wp-content\/uploads\/2024\/05\/IMG-20240501-WA0196-1024x768.jpg 1024w, https:\/\/diariodigitalmx.com\/wp-content\/uploads\/2024\/05\/IMG-20240501-WA0196-300x225.jpg 300w, https:\/\/diariodigitalmx.com\/wp-content\/uploads\/2024\/05\/IMG-20240501-WA0196-768x576.jpg 768w, https:\/\/diariodigitalmx.com\/wp-content\/uploads\/2024\/05\/IMG-20240501-WA0196.jpg 1280w\" sizes=\"(max-width: 1024px) 100vw, 1024px\" \/><\/figure>\n\n\n\n<p>Monterrey. &#8211; Tras encabezar la marcha del D\u00eda del Trsbajo, candidatas y candidatos a diputaciones y alcald\u00edas por el Partido del Trabajo, se comprometieron a impulsar las causas de obreros y trabajadores.<\/p>\n\n\n\n<p>Entre las causas se manifestaron por respaldar la jornada laboral de 40 horas a la semana y seguir los aumentos al salario m\u00ednimo.<\/p>\n\n\n\n<figure class=\"wp-block-image size-full\"><img loading=\"lazy\" decoding=\"async\" width=\"960\" height=\"521\" src=\"https:\/\/diariodigitalmx.com\/wp-content\/uploads\/2024\/05\/IMG-20240501-WA0197.jpg\" alt=\"\" class=\"wp-image-118236\" srcset=\"https:\/\/diariodigitalmx.com\/wp-content\/uploads\/2024\/05\/IMG-20240501-WA0197.jpg 960w, https:\/\/diariodigitalmx.com\/wp-content\/uploads\/2024\/05\/IMG-20240501-WA0197-300x163.jpg 300w, https:\/\/diariodigitalmx.com\/wp-content\/uploads\/2024\/05\/IMG-20240501-WA0197-768x417.jpg 768w\" sizes=\"(max-width: 960px) 100vw, 960px\" \/><\/figure>\n\n\n\n<p>Ante miles de militantes del Partido del Trabajo (PT) y activistas del Frente Popular \u201cTierra y Libertad\u201d (FPTyL), asumieron tambi\u00e9n defender la iniciativa de doce d\u00edas de vacaciones.<\/p>\n\n\n\n<p>Los marchistas celebraron un mitin en la Explanada de H\u00e9roes de la Gran Plaza, luego de arribar de la Plaza Colegio Civil.<\/p>\n\n\n\n<figure class=\"wp-block-image size-large\"><img loading=\"lazy\" decoding=\"async\" width=\"1024\" height=\"768\" src=\"https:\/\/diariodigitalmx.com\/wp-content\/uploads\/2024\/05\/IMG-20240501-WA0193-1024x768.jpg\" alt=\"\" class=\"wp-image-118239\" srcset=\"https:\/\/diariodigitalmx.com\/wp-content\/uploads\/2024\/05\/IMG-20240501-WA0193-1024x768.jpg 1024w, https:\/\/diariodigitalmx.com\/wp-content\/uploads\/2024\/05\/IMG-20240501-WA0193-300x225.jpg 300w, https:\/\/diariodigitalmx.com\/wp-content\/uploads\/2024\/05\/IMG-20240501-WA0193-768x576.jpg 768w, https:\/\/diariodigitalmx.com\/wp-content\/uploads\/2024\/05\/IMG-20240501-WA0193.jpg 1280w\" sizes=\"(max-width: 1024px) 100vw, 1024px\" \/><\/figure>\n\n\n\n<p>A nombre de las candidaturas a las presidencias municipales, participaron Ranulfo Mart\u00ednez, candidato a alcalde de Monterrey y Karla Minaya candidata a alcaldesa de Guadalupe.<\/p>\n\n\n\n<p>Asimismo, Claudia Garza T, postulada al municipio de Santa Catarina; Mauro Teniente, candidato a la alcald\u00eda de Ju\u00e1rez y, Claudia Cervantes, abanderada al Ayuntamiento de Santiago.<\/p>\n\n\n\n<p>A nombre de las candidaturas a diputaciones locales, participaron Perla Serna, candidata al Distrito 16; Ignacio \u201cProfe Nacho\u201d Orozco, abanderado al Distrito 1; Adriana Amador, postulada al Distrito 5 y Asael Sep\u00falveda, contendiente al Distrito 2.<\/p>\n\n\n\n<figure class=\"wp-block-image size-large\"><img loading=\"lazy\" decoding=\"async\" width=\"1024\" height=\"650\" src=\"https:\/\/diariodigitalmx.com\/wp-content\/uploads\/2024\/05\/IMG-20240501-WA0192-1024x650.jpg\" alt=\"\" class=\"wp-image-118241\" srcset=\"https:\/\/diariodigitalmx.com\/wp-content\/uploads\/2024\/05\/IMG-20240501-WA0192-1024x650.jpg 1024w, https:\/\/diariodigitalmx.com\/wp-content\/uploads\/2024\/05\/IMG-20240501-WA0192-300x191.jpg 300w, https:\/\/diariodigitalmx.com\/wp-content\/uploads\/2024\/05\/IMG-20240501-WA0192-768x488.jpg 768w, https:\/\/diariodigitalmx.com\/wp-content\/uploads\/2024\/05\/IMG-20240501-WA0192.jpg 1280w\" sizes=\"(max-width: 1024px) 100vw, 1024px\" \/><\/figure>\n\n\n\n<p>Santiago Gonz\u00e1lez Soto, quien participa como candidato al Distrito 5 Federal, pidi\u00f3 apoyar la semana laboral de 40 horas para las mujeres y hombres trabajadores.<\/p>\n\n\n\n<p>Al respecto, Alberto Anaya Guti\u00e9rrez, dirigente nacional del PT, se\u00f1al\u00f3 que conmemorar a los m\u00e1rtires de Chicago, R\u00edo Blanco y Cananea implica continuar las luchas laborales.<\/p>\n\n\n\n<p>Dijo que el PT impulsa la jornada laboral de 40 hora, pero con el pago de 56 horas a la semana.<\/p>\n\n\n\n<p>Expuso que el salario m\u00ednimo comenz\u00f3 con 88 pesos al inicio del sexenio y ahora es de 248 pesos diarios.<\/p>\n\n\n\n<figure class=\"wp-block-image size-full\"><img loading=\"lazy\" decoding=\"async\" width=\"720\" height=\"538\" src=\"https:\/\/diariodigitalmx.com\/wp-content\/uploads\/2024\/05\/Screenshot_20240501-234157_Gallery.jpg\" alt=\"\" class=\"wp-image-118244\" srcset=\"https:\/\/diariodigitalmx.com\/wp-content\/uploads\/2024\/05\/Screenshot_20240501-234157_Gallery.jpg 720w, https:\/\/diariodigitalmx.com\/wp-content\/uploads\/2024\/05\/Screenshot_20240501-234157_Gallery-300x224.jpg 300w\" sizes=\"(max-width: 720px) 100vw, 720px\" \/><\/figure>\n\n\n\n<p>Coment\u00f3 que los doce d\u00edas de vacaciones adicionales se deben hacer efectivos, para que los trabajadores se recreen con la familia y, sobre todo, descansen.<\/p>\n\n\n\n<p>\u201cLos y las trabajadoras son quienes hacen posible la riqueza del pa\u00eds, que tengamos alimentos, que tengamos casas y todo lo que ocupamos para poder vivir\u201d, sostuvo Anaya.<\/p>\n","protected":false},"excerpt":{"rendered":"<p>Monterrey. &#8211; Tras encabezar la marcha del D\u00eda del Trsbajo, candidatas y candidatos a diputaciones y alcald\u00edas por el Partido del Trabajo, se comprometieron a impulsar las causas de obreros y trabajadores. Entre las causas se manifestaron por respaldar la jornada laboral de 40 horas a la semana y seguir los aumentos al salario m\u00ednimo. [&hellip;]<\/p>\n","protected":false},"author":1,"featured_media":118232,"comment_status":"open","ping_status":"open","sticky":true,"template":"","format":"standard","meta":{"footnotes":""},"categories":[6,3],"tags":[],"_links":{"self":[{"href":"https:\/\/diariodigitalmx.com\/index.php\/wp-json\/wp\/v2\/posts\/118230"}],"collection":[{"href":"https:\/\/diariodigitalmx.com\/index.php\/wp-json\/wp\/v2\/posts"}],"about":[{"href":"https:\/\/diariodigitalmx.com\/index.php\/wp-json\/wp\/v2\/types\/post"}],"author":[{"embeddable":true,"href":"https:\/\/diariodigitalmx.com\/index.php\/wp-json\/wp\/v2\/users\/1"}],"replies":[{"embeddable":true,"href":"https:\/\/diariodigitalmx.com\/index.php\/wp-json\/wp\/v2\/comments?post=118230"}],"version-history":[{"count":6,"href":"https:\/\/diariodigitalmx.com\/index.php\/wp-json\/wp\/v2\/posts\/118230\/revisions"}],"predecessor-version":[{"id":118245,"href":"https:\/\/diariodigitalmx.com\/index.php\/wp-json\/wp\/v2\/posts\/118230\/revisions\/118245"}],"wp:featuredmedia":[{"embeddable":true,"href":"https:\/\/diariodigitalmx.com\/index.php\/wp-json\/wp\/v2\/media\/118232"}],"wp:attachment":[{"href":"https:\/\/diariodigitalmx.com\/index.php\/wp-json\/wp\/v2\/media?parent=118230"}],"wp:term":[{"taxonomy":"category","embeddable":true,"href":"https:\/\/diariodigitalmx.com\/index.php\/wp-json\/wp\/v2\/categories?post=118230"},{"taxonomy":"post_tag","embeddable":true,"href":"https:\/\/diariodigitalmx.com\/index.php\/wp-json\/wp\/v2\/tags?post=118230"}],"curies":[{"name":"wp","href":"https:\/\/api.w.org\/{rel}","templated":true}]}}