{"id":118279,"date":"2024-05-02T15:57:13","date_gmt":"2024-05-02T20:57:13","guid":{"rendered":"https:\/\/diariodigitalmx.com\/?p=118279"},"modified":"2024-05-02T15:58:36","modified_gmt":"2024-05-02T20:58:36","slug":"aperturan-lactario-en-centro-comunitario","status":"publish","type":"post","link":"https:\/\/diariodigitalmx.com\/index.php\/2024\/05\/02\/aperturan-lactario-en-centro-comunitario\/","title":{"rendered":"Aperturan lactario en Centro Comunitario"},"content":{"rendered":"\n<p>Monterrey .- Para garantizar a las madres trabajadoras su derecho fundamental a la lactancia, la Secretar\u00eda de Igualdad e Inclusi\u00f3n, en conjunto con Amar a Nuevo Le\u00f3n y la Secretar\u00eda de Salud, aperturaron un lactario en el Centro Comunitario Revoluci\u00f3n Proletaria, en Monterrey, como parte del programa Alimentar con Amor.<\/p>\n\n\n\n<p>El nuevo espacio se suma a la red estatal de lactarios y salas de lactancia para beneficio de las madres trabajadoras y beb\u00e9s de la comunidad cercana a los Centros Comunitarios.<\/p>\n\n\n\n<figure class=\"wp-block-image size-large\"><img loading=\"lazy\" decoding=\"async\" width=\"1024\" height=\"869\" src=\"https:\/\/diariodigitalmx.com\/wp-content\/uploads\/2024\/05\/image00002-1024x869.jpeg\" alt=\"\" class=\"wp-image-118282\" srcset=\"https:\/\/diariodigitalmx.com\/wp-content\/uploads\/2024\/05\/image00002-1024x869.jpeg 1024w, https:\/\/diariodigitalmx.com\/wp-content\/uploads\/2024\/05\/image00002-300x255.jpeg 300w, https:\/\/diariodigitalmx.com\/wp-content\/uploads\/2024\/05\/image00002-768x652.jpeg 768w, https:\/\/diariodigitalmx.com\/wp-content\/uploads\/2024\/05\/image00002.jpeg 1256w\" sizes=\"(max-width: 1024px) 100vw, 1024px\" \/><\/figure>\n\n\n\n<p>La Encargada del Despacho de la Secretar\u00eda de Igualdad e Inclusi\u00f3n destac\u00f3 que se trabaja para aperturar lactarios en todos los Centros Comunitarios que hay en el estado, adem\u00e1s de seguir promoviendo la lactancia materna, por los beneficios que genera para las madres y los beb\u00e9s.<\/p>\n\n\n\n<p>Actualmente, la Secretar\u00eda de Igualdad e Inclusi\u00f3n cuenta con lactarios en el Macrocentro Comunitario San Bernab\u00e9, as\u00ed como en los Centros Monte Kristal, en Ju\u00e1rez; Santa Fe, en Apodaca y uno m\u00e1s en el municipio de Pesquer\u00eda, en el centro comunitario del mismo nombre.<\/p>\n\n\n\n<figure class=\"wp-block-image size-large\"><img loading=\"lazy\" decoding=\"async\" width=\"1024\" height=\"682\" src=\"https:\/\/diariodigitalmx.com\/wp-content\/uploads\/2024\/05\/image00003-1024x682.jpeg\" alt=\"\" class=\"wp-image-118285\" srcset=\"https:\/\/diariodigitalmx.com\/wp-content\/uploads\/2024\/05\/image00003-1024x682.jpeg 1024w, https:\/\/diariodigitalmx.com\/wp-content\/uploads\/2024\/05\/image00003-300x200.jpeg 300w, https:\/\/diariodigitalmx.com\/wp-content\/uploads\/2024\/05\/image00003-768x512.jpeg 768w, https:\/\/diariodigitalmx.com\/wp-content\/uploads\/2024\/05\/image00003-1536x1023.jpeg 1536w, https:\/\/diariodigitalmx.com\/wp-content\/uploads\/2024\/05\/image00003.jpeg 1600w\" sizes=\"(max-width: 1024px) 100vw, 1024px\" \/><\/figure>\n\n\n\n<p>Pr\u00f3ximamente se sumar\u00e1n a esta iniciativa los Centros Comunitarios Sierra Ventana, Independencia, La Alianza, Alianza Sector Q y Valle de la Esperanza, ubicados en Monterrey; San Gilberto, en Santa Catarina; Fernando Amilpa, en Escobedo y Santiago, en el municipio del mismo nombre, para que madres y beb\u00e9s puedan tener un espacio c\u00f3modo, privado y seguro para la lactancia.<\/p>\n\n\n\n<p>La lactancia materna aporta grandes beneficios en la salud de la mam\u00e1 y del beb\u00e9 al brindar al menor una nutrici\u00f3n completa, as\u00ed como la protecci\u00f3n contra infecciones respiratorias, gastrointestinales, la promoci\u00f3n del desarrollo neurol\u00f3gico y la prevenci\u00f3n del sobrepeso, obesidad y diabetes infantil, destac\u00f3 la titular de la Secretar\u00eda de Salud.<\/p>\n\n\n\n<p>La lactancia genera un beneficio importante para la econom\u00eda del hogar al traducirse en un ahorro estimado de 36 mil pesos durante el primer a\u00f1o de vida del beb\u00e9, considerando la compra de f\u00f3rmulas, biberones y agua esterilizada, puntualiz\u00f3.<\/p>\n\n\n\n<p>De acuerdo a estad\u00edsticas, 63.7% de las mujeres que trabajan se encuentran en edad reproductiva, es por ello que en Nuevo Le\u00f3n se busca ampliar los espacios que les permitan ejercer su derecho a la lactancia.<\/p>\n","protected":false},"excerpt":{"rendered":"<p>Monterrey .- Para garantizar a las madres trabajadoras su derecho fundamental a la lactancia, la Secretar\u00eda de Igualdad e Inclusi\u00f3n, en conjunto con Amar a Nuevo Le\u00f3n y la Secretar\u00eda de Salud, aperturaron un lactario en el Centro Comunitario Revoluci\u00f3n Proletaria, en Monterrey, como parte del programa Alimentar con Amor. El nuevo espacio se suma [&hellip;]<\/p>\n","protected":false},"author":1,"featured_media":118281,"comment_status":"open","ping_status":"open","sticky":true,"template":"","format":"standard","meta":{"footnotes":""},"categories":[14,6],"tags":[],"_links":{"self":[{"href":"https:\/\/diariodigitalmx.com\/index.php\/wp-json\/wp\/v2\/posts\/118279"}],"collection":[{"href":"https:\/\/diariodigitalmx.com\/index.php\/wp-json\/wp\/v2\/posts"}],"about":[{"href":"https:\/\/diariodigitalmx.com\/index.php\/wp-json\/wp\/v2\/types\/post"}],"author":[{"embeddable":true,"href":"https:\/\/diariodigitalmx.com\/index.php\/wp-json\/wp\/v2\/users\/1"}],"replies":[{"embeddable":true,"href":"https:\/\/diariodigitalmx.com\/index.php\/wp-json\/wp\/v2\/comments?post=118279"}],"version-history":[{"count":3,"href":"https:\/\/diariodigitalmx.com\/index.php\/wp-json\/wp\/v2\/posts\/118279\/revisions"}],"predecessor-version":[{"id":118286,"href":"https:\/\/diariodigitalmx.com\/index.php\/wp-json\/wp\/v2\/posts\/118279\/revisions\/118286"}],"wp:featuredmedia":[{"embeddable":true,"href":"https:\/\/diariodigitalmx.com\/index.php\/wp-json\/wp\/v2\/media\/118281"}],"wp:attachment":[{"href":"https:\/\/diariodigitalmx.com\/index.php\/wp-json\/wp\/v2\/media?parent=118279"}],"wp:term":[{"taxonomy":"category","embeddable":true,"href":"https:\/\/diariodigitalmx.com\/index.php\/wp-json\/wp\/v2\/categories?post=118279"},{"taxonomy":"post_tag","embeddable":true,"href":"https:\/\/diariodigitalmx.com\/index.php\/wp-json\/wp\/v2\/tags?post=118279"}],"curies":[{"name":"wp","href":"https:\/\/api.w.org\/{rel}","templated":true}]}}