{"id":118287,"date":"2024-05-02T20:10:25","date_gmt":"2024-05-03T01:10:25","guid":{"rendered":"https:\/\/diariodigitalmx.com\/?p=118287"},"modified":"2024-05-02T20:12:32","modified_gmt":"2024-05-03T01:12:32","slug":"denuncia-adrian-de-la-garza-elecciones-de-estado-en-monterrey","status":"publish","type":"post","link":"https:\/\/diariodigitalmx.com\/index.php\/2024\/05\/02\/denuncia-adrian-de-la-garza-elecciones-de-estado-en-monterrey\/","title":{"rendered":"Denuncia Adri\u00e1n de la Garza elecciones de Estado en Monterrey"},"content":{"rendered":"\n<p><em>Recorre la colonia 10 de Marzo y ofrece llevar a la zona la nueva Unidad de Combate a la Delincuencia Organizada<\/em><\/p>\n\n\n\n<p>Adri\u00e1n de la Garza, candidato a la alcald\u00eda de Monterrey por la alianza \u201cFuerza y coraz\u00f3n por Nuevo Le\u00f3n\u201d se\u00f1al\u00f3 p\u00fablicamente que el proceso electoral vigente est\u00e1 siendo desigual, al volcar los recursos de Nuevo Le\u00f3n en apoyo a una candidata.<\/p>\n\n\n\n<p>\u201cSe usa el aparato gubernamental, la Fuerza Civil, recursos p\u00fablicos, se est\u00e1 gastando el dinero p\u00fablico en la campa\u00f1a y est\u00e1 documentado c\u00f3mo funcionarios del Gobierno participan en la elecci\u00f3n desviando recursos, programas a la campa\u00f1a, se crea una inequidad en la contienda.<\/p>\n\n\n\n<figure class=\"wp-block-image size-large\"><img loading=\"lazy\" decoding=\"async\" width=\"1024\" height=\"1024\" src=\"https:\/\/diariodigitalmx.com\/wp-content\/uploads\/2024\/05\/IMG_20240502_190918_523-1024x1024.webp\" alt=\"\" class=\"wp-image-118291\" srcset=\"https:\/\/diariodigitalmx.com\/wp-content\/uploads\/2024\/05\/IMG_20240502_190918_523-1024x1024.webp 1024w, https:\/\/diariodigitalmx.com\/wp-content\/uploads\/2024\/05\/IMG_20240502_190918_523-300x300.webp 300w, https:\/\/diariodigitalmx.com\/wp-content\/uploads\/2024\/05\/IMG_20240502_190918_523-150x150.webp 150w, https:\/\/diariodigitalmx.com\/wp-content\/uploads\/2024\/05\/IMG_20240502_190918_523-768x768.webp 768w, https:\/\/diariodigitalmx.com\/wp-content\/uploads\/2024\/05\/IMG_20240502_190918_523.webp 1066w\" sizes=\"(max-width: 1024px) 100vw, 1024px\" \/><\/figure>\n\n\n\n<p>\u201cQue autoridades competentes se\u00f1alen los que est\u00e1n haciendo: una elecci\u00f3n de Estado, hay instituciones que deben observar la equidad y espero que reaccionen\u201d, pidi\u00f3.<\/p>\n\n\n\n<p>Reiter\u00f3 que las acusaciones en su contra, as\u00ed como la emisi\u00f3n de encuestas falsas buscan generar una percepci\u00f3n diferente a la realidad entre los regiomontanos.<\/p>\n\n\n\n<p>\u201cLa gente que s\u00ed es de Monterrey me conoce y sabe c\u00f3mo trabajamos, c\u00f3mo lo hicimos en la Procuradur\u00eda, tengo una carrera intachable\u201d, enfatiz\u00f3.<\/p>\n\n\n\n<figure class=\"wp-block-image size-large\"><img loading=\"lazy\" decoding=\"async\" width=\"1024\" height=\"682\" src=\"https:\/\/diariodigitalmx.com\/wp-content\/uploads\/2024\/05\/IMG-20240502-WA0125-1024x682.jpg\" alt=\"\" class=\"wp-image-118293\" srcset=\"https:\/\/diariodigitalmx.com\/wp-content\/uploads\/2024\/05\/IMG-20240502-WA0125-1024x682.jpg 1024w, https:\/\/diariodigitalmx.com\/wp-content\/uploads\/2024\/05\/IMG-20240502-WA0125-300x200.jpg 300w, https:\/\/diariodigitalmx.com\/wp-content\/uploads\/2024\/05\/IMG-20240502-WA0125-768x512.jpg 768w, https:\/\/diariodigitalmx.com\/wp-content\/uploads\/2024\/05\/IMG-20240502-WA0125-1536x1023.jpg 1536w, https:\/\/diariodigitalmx.com\/wp-content\/uploads\/2024\/05\/IMG-20240502-WA0125.jpg 1600w\" sizes=\"(max-width: 1024px) 100vw, 1024px\" \/><\/figure>\n\n\n\n<p>Y resalt\u00f3 que el manejo de los recursos en sus gobiernos ha sido tan pulcro, que ninguna autoridad ha hecho alg\u00fan se\u00f1alamiento formal y refrend\u00f3 que no tiene nada que esconder y que tampoco necesita ampararse porque est\u00e1 bien seguro de que en sus administraciones se labor\u00f3 con transparencia.<\/p>\n\n\n\n<figure class=\"wp-block-image size-large\"><img loading=\"lazy\" decoding=\"async\" width=\"1024\" height=\"682\" src=\"https:\/\/diariodigitalmx.com\/wp-content\/uploads\/2024\/05\/IMG-20240502-WA0126-1024x682.jpg\" alt=\"\" class=\"wp-image-118295\" srcset=\"https:\/\/diariodigitalmx.com\/wp-content\/uploads\/2024\/05\/IMG-20240502-WA0126-1024x682.jpg 1024w, https:\/\/diariodigitalmx.com\/wp-content\/uploads\/2024\/05\/IMG-20240502-WA0126-300x200.jpg 300w, https:\/\/diariodigitalmx.com\/wp-content\/uploads\/2024\/05\/IMG-20240502-WA0126-768x512.jpg 768w, https:\/\/diariodigitalmx.com\/wp-content\/uploads\/2024\/05\/IMG-20240502-WA0126-1536x1023.jpg 1536w, https:\/\/diariodigitalmx.com\/wp-content\/uploads\/2024\/05\/IMG-20240502-WA0126.jpg 1600w\" sizes=\"(max-width: 1024px) 100vw, 1024px\" \/><\/figure>\n\n\n\n<p>SEGURIDAD PARA LA 10 DE MARZO<\/p>\n\n\n\n<p>Adem\u00e1s de los programas sociales ya conocidos y exitosos que se aplicaron del 2015 al 2021 en esta capital, la colona 10 de Marzo se beneficiar\u00e1 con la nueva Unidad Especializada de Combate a la delincuencia Organizada.<\/p>\n\n\n\n<p>El aspirante de la coalici\u00f3n del PRI, PAN y PRD, reconoce que uno de los principales problemas que requiere la atenci\u00f3n urgente en dicha colonia es la inseguridad, derivada de los puntos de venta de drogas y sus da\u00f1os colaterales como robos, homicidios, cobro de piso, secuestros, extorsi\u00f3n y otros.<\/p>\n\n\n\n<p>Por eso, adelant\u00f3 que, destinar\u00e1 la nueva unidad a detectar y erradicar este tipo de negocio ilegal.<\/p>\n\n\n\n<p>Mencion\u00f3 que trabajar\u00e1 en conjunto con las organizaciones de la sociedad civil para atender a las personas que est\u00e9n en las adicciones, tanto en temas de reacci\u00f3n como en la prevenci\u00f3n.<\/p>\n\n\n\n<p>Dijo que ampliar\u00e1 la red de c\u00e1maras de videovigilancia y modernizar\u00e1 el Sistema de Inteligencia que tiene casi seis a\u00f1os sin actualizarse.<\/p>\n\n\n\n<p>\u201cS\u00e9 muy bien lo que tengo qu\u00e9 hacer para actualizar este sistema que est\u00e9 funcionando acorde a la tecnolog\u00eda de punta que hay en \u00e9stos momento, las c\u00e1maras, como todos lo sabemos, tenemos que estar en una constante renovaci\u00f3n, entonces hay que analizar las que est\u00e9n funcionando y las que necesiten renovaci\u00f3n para estarlas constantemente actualizando, es fundamental garantizar tener un sistema de punta, un sistema que cuente con todas las tecnolog\u00edas actuales\u201d, mencion\u00f3.<\/p>\n\n\n\n<p>Otras acciones en materia de prevenci\u00f3n de seguridad ser\u00e1 la rehabilitaci\u00f3n de espacios p\u00fablicos para generar cohesi\u00f3n social y sana convivencia.<\/p>\n","protected":false},"excerpt":{"rendered":"<p>Recorre la colonia 10 de Marzo y ofrece llevar a la zona la nueva Unidad de Combate a la Delincuencia Organizada Adri\u00e1n de la Garza, candidato a la alcald\u00eda de Monterrey por la alianza \u201cFuerza y coraz\u00f3n por Nuevo Le\u00f3n\u201d se\u00f1al\u00f3 p\u00fablicamente que el proceso electoral vigente est\u00e1 siendo desigual, al volcar los recursos de [&hellip;]<\/p>\n","protected":false},"author":1,"featured_media":118289,"comment_status":"open","ping_status":"open","sticky":true,"template":"","format":"standard","meta":{"footnotes":""},"categories":[6,3],"tags":[],"_links":{"self":[{"href":"https:\/\/diariodigitalmx.com\/index.php\/wp-json\/wp\/v2\/posts\/118287"}],"collection":[{"href":"https:\/\/diariodigitalmx.com\/index.php\/wp-json\/wp\/v2\/posts"}],"about":[{"href":"https:\/\/diariodigitalmx.com\/index.php\/wp-json\/wp\/v2\/types\/post"}],"author":[{"embeddable":true,"href":"https:\/\/diariodigitalmx.com\/index.php\/wp-json\/wp\/v2\/users\/1"}],"replies":[{"embeddable":true,"href":"https:\/\/diariodigitalmx.com\/index.php\/wp-json\/wp\/v2\/comments?post=118287"}],"version-history":[{"count":4,"href":"https:\/\/diariodigitalmx.com\/index.php\/wp-json\/wp\/v2\/posts\/118287\/revisions"}],"predecessor-version":[{"id":118296,"href":"https:\/\/diariodigitalmx.com\/index.php\/wp-json\/wp\/v2\/posts\/118287\/revisions\/118296"}],"wp:featuredmedia":[{"embeddable":true,"href":"https:\/\/diariodigitalmx.com\/index.php\/wp-json\/wp\/v2\/media\/118289"}],"wp:attachment":[{"href":"https:\/\/diariodigitalmx.com\/index.php\/wp-json\/wp\/v2\/media?parent=118287"}],"wp:term":[{"taxonomy":"category","embeddable":true,"href":"https:\/\/diariodigitalmx.com\/index.php\/wp-json\/wp\/v2\/categories?post=118287"},{"taxonomy":"post_tag","embeddable":true,"href":"https:\/\/diariodigitalmx.com\/index.php\/wp-json\/wp\/v2\/tags?post=118287"}],"curies":[{"name":"wp","href":"https:\/\/api.w.org\/{rel}","templated":true}]}}