{"id":118300,"date":"2024-05-02T23:23:30","date_gmt":"2024-05-03T04:23:30","guid":{"rendered":"https:\/\/diariodigitalmx.com\/?p=118300"},"modified":"2024-05-02T23:26:56","modified_gmt":"2024-05-03T04:26:56","slug":"va-mijes-por-la-reconstruccion-del-tejido-social-en-todo-escobedo","status":"publish","type":"post","link":"https:\/\/diariodigitalmx.com\/index.php\/2024\/05\/02\/va-mijes-por-la-reconstruccion-del-tejido-social-en-todo-escobedo\/","title":{"rendered":"Va Mijes por la reconstrucci\u00f3n del tejido social en todo Escobedo"},"content":{"rendered":"\n<p>Andr\u00e9s Mijes anunci\u00f3 que despu\u00e9s de ganar las elecciones el pr\u00f3ximo dos de junio, dar\u00e1 continuidad a los programas para disminuir los \u00edndices de violencia familiar en cada colonia de Escobedo.<br>El Candidato de la Coalici\u00f3n \u201cSigamos Haciendo Historia\u201d se\u00f1al\u00f3 que, para atacar la violencia desde la ra\u00edz en el hogar, crear\u00e1 una unidad para la Reconstrucci\u00f3n del Tejido Social.<\/p>\n\n\n\n<figure class=\"wp-block-image size-large\"><img loading=\"lazy\" decoding=\"async\" width=\"1024\" height=\"682\" src=\"https:\/\/diariodigitalmx.com\/wp-content\/uploads\/2024\/05\/IMG_7475-1024x682.jpg\" alt=\"\" class=\"wp-image-118304\" srcset=\"https:\/\/diariodigitalmx.com\/wp-content\/uploads\/2024\/05\/IMG_7475-1024x682.jpg 1024w, https:\/\/diariodigitalmx.com\/wp-content\/uploads\/2024\/05\/IMG_7475-300x200.jpg 300w, https:\/\/diariodigitalmx.com\/wp-content\/uploads\/2024\/05\/IMG_7475-768x512.jpg 768w, https:\/\/diariodigitalmx.com\/wp-content\/uploads\/2024\/05\/IMG_7475-1536x1023.jpg 1536w, https:\/\/diariodigitalmx.com\/wp-content\/uploads\/2024\/05\/IMG_7475-2048x1364.jpg 2048w\" sizes=\"(max-width: 1024px) 100vw, 1024px\" \/><\/figure>\n\n\n\n<p>La nueva Direcci\u00f3n para la Reconstrucci\u00f3n del Tejido Social estar\u00e1 ubicada en la Avenida San Francisco de As\u00eds, en la Colonia Villas de San Francisco.<br>\u201cEl Covid-19 nos permiti\u00f3 visibilizar la problem\u00e1tica que existe en el n\u00facleo familiar, aunque se ha logrado disminuir los casos de violencia familiar, a\u00fan nos falta trabajo por hacer.<\/p>\n\n\n\n<figure class=\"wp-block-image size-large\"><img loading=\"lazy\" decoding=\"async\" width=\"1024\" height=\"682\" src=\"https:\/\/diariodigitalmx.com\/wp-content\/uploads\/2024\/05\/photo_4992681641314987011_y-1024x682.jpg\" alt=\"\" class=\"wp-image-118308\" srcset=\"https:\/\/diariodigitalmx.com\/wp-content\/uploads\/2024\/05\/photo_4992681641314987011_y-1024x682.jpg 1024w, https:\/\/diariodigitalmx.com\/wp-content\/uploads\/2024\/05\/photo_4992681641314987011_y-300x200.jpg 300w, https:\/\/diariodigitalmx.com\/wp-content\/uploads\/2024\/05\/photo_4992681641314987011_y-768x511.jpg 768w, https:\/\/diariodigitalmx.com\/wp-content\/uploads\/2024\/05\/photo_4992681641314987011_y.jpg 1280w\" sizes=\"(max-width: 1024px) 100vw, 1024px\" \/><\/figure>\n\n\n\n<p>\u201cPor lo que vamos a crear la nueva unidad de Reconstrucci\u00f3n del Tejido Social que nos permitir\u00e1 impactar de forma positiva en las familias de todo Escobedo\u201d, coment\u00f3 Mijes.<br>A la vez, a\u00f1adi\u00f3 que trabajara en estrecha coordinaci\u00f3n y colaboraci\u00f3n con la Comunidad Jesuita y con la asociaci\u00f3n civil Telar A.C. para construir relaciones sanas tanto familiares como vecinales, a trav\u00e9s de la promoci\u00f3n del deporte, cultura, empleo y emprendimiento.<\/p>\n\n\n\n<figure class=\"wp-block-image size-large\"><img loading=\"lazy\" decoding=\"async\" width=\"1024\" height=\"775\" src=\"https:\/\/diariodigitalmx.com\/wp-content\/uploads\/2024\/05\/IMG_8382-1024x775.jpg\" alt=\"\" class=\"wp-image-118311\" srcset=\"https:\/\/diariodigitalmx.com\/wp-content\/uploads\/2024\/05\/IMG_8382-1024x775.jpg 1024w, https:\/\/diariodigitalmx.com\/wp-content\/uploads\/2024\/05\/IMG_8382-300x227.jpg 300w, https:\/\/diariodigitalmx.com\/wp-content\/uploads\/2024\/05\/IMG_8382-768x581.jpg 768w, https:\/\/diariodigitalmx.com\/wp-content\/uploads\/2024\/05\/IMG_8382-1536x1162.jpg 1536w, https:\/\/diariodigitalmx.com\/wp-content\/uploads\/2024\/05\/IMG_8382-2048x1549.jpg 2048w\" sizes=\"(max-width: 1024px) 100vw, 1024px\" \/><\/figure>\n\n\n\n<p>Mijes a\u00f1adi\u00f3 que, con Reconstrucci\u00f3n del Tejido Social se fortalece la identidad de una localidad con la generaci\u00f3n de v\u00ednculos de confianza y cuidado entre los vecinos.<br>La nueva unidad trabajar\u00e1 a trav\u00e9s de t\u00e9cnicas de comunicaci\u00f3n afectiva, manejo de tolerancia, finanzas, e intervenci\u00f3n terap\u00e9utica grupal, adem\u00e1s de terapia psicol\u00f3gica individual.<br>Las actividades van dirigidas para infantes, adolescentes, j\u00f3venes, adultos y personas de la tercera edad, a fin de que se conviertan en los primeros replicadores de las buenas pr\u00e1cticas en sus hogares.<br>Mijes coment\u00f3 que la Reconstrucci\u00f3n del Tejido Social se implementar\u00e1 en todo Escobedo, incluyendo la zona oriente de la Ciudad, en colonias como Cerradas de An\u00e1huac y la Encomienda, por mencionar algunas.<br>Durante el 2020, aumentaron los casos por violencia familiar.<\/p>\n","protected":false},"excerpt":{"rendered":"<p>Andr\u00e9s Mijes anunci\u00f3 que despu\u00e9s de ganar las elecciones el pr\u00f3ximo dos de junio, dar\u00e1 continuidad a los programas para disminuir los \u00edndices de violencia familiar en cada colonia de Escobedo.El Candidato de la Coalici\u00f3n \u201cSigamos Haciendo Historia\u201d se\u00f1al\u00f3 que, para atacar la violencia desde la ra\u00edz en el hogar, crear\u00e1 una unidad para la [&hellip;]<\/p>\n","protected":false},"author":1,"featured_media":118302,"comment_status":"open","ping_status":"open","sticky":true,"template":"","format":"standard","meta":{"footnotes":""},"categories":[14,6],"tags":[],"_links":{"self":[{"href":"https:\/\/diariodigitalmx.com\/index.php\/wp-json\/wp\/v2\/posts\/118300"}],"collection":[{"href":"https:\/\/diariodigitalmx.com\/index.php\/wp-json\/wp\/v2\/posts"}],"about":[{"href":"https:\/\/diariodigitalmx.com\/index.php\/wp-json\/wp\/v2\/types\/post"}],"author":[{"embeddable":true,"href":"https:\/\/diariodigitalmx.com\/index.php\/wp-json\/wp\/v2\/users\/1"}],"replies":[{"embeddable":true,"href":"https:\/\/diariodigitalmx.com\/index.php\/wp-json\/wp\/v2\/comments?post=118300"}],"version-history":[{"count":6,"href":"https:\/\/diariodigitalmx.com\/index.php\/wp-json\/wp\/v2\/posts\/118300\/revisions"}],"predecessor-version":[{"id":118312,"href":"https:\/\/diariodigitalmx.com\/index.php\/wp-json\/wp\/v2\/posts\/118300\/revisions\/118312"}],"wp:featuredmedia":[{"embeddable":true,"href":"https:\/\/diariodigitalmx.com\/index.php\/wp-json\/wp\/v2\/media\/118302"}],"wp:attachment":[{"href":"https:\/\/diariodigitalmx.com\/index.php\/wp-json\/wp\/v2\/media?parent=118300"}],"wp:term":[{"taxonomy":"category","embeddable":true,"href":"https:\/\/diariodigitalmx.com\/index.php\/wp-json\/wp\/v2\/categories?post=118300"},{"taxonomy":"post_tag","embeddable":true,"href":"https:\/\/diariodigitalmx.com\/index.php\/wp-json\/wp\/v2\/tags?post=118300"}],"curies":[{"name":"wp","href":"https:\/\/api.w.org\/{rel}","templated":true}]}}