{"id":118313,"date":"2024-05-03T04:37:26","date_gmt":"2024-05-03T09:37:26","guid":{"rendered":"https:\/\/diariodigitalmx.com\/?p=118313"},"modified":"2024-05-03T04:38:21","modified_gmt":"2024-05-03T09:38:21","slug":"el-poder-judicial-a-debate","status":"publish","type":"post","link":"https:\/\/diariodigitalmx.com\/index.php\/2024\/05\/03\/el-poder-judicial-a-debate\/","title":{"rendered":"El poder judicial a debate"},"content":{"rendered":"\n<p>\u00d3scar Tamez Rodr\u00edguez <\/p>\n\n\n\n<p>El 19 de mayo ser\u00e1 el tercero y \u00faltimo debate entre presidenciables; aquello ser\u00e1 un reguero de lodo, descalificaciones y acusaciones. Deber\u00edan catalogarlo clasificaci\u00f3n \u201cC+\u201d: s\u00f3lo para adultos con amplio criterio y no muy sensibles al material pernicioso.<\/p>\n\n\n\n<p>Los temas son candentes y favorecen el ataque a la candidata oficialista. Recordemos que los debates se ganan con: Propuestas, ataques y defensa s\u00f3lida.<\/p>\n\n\n\n<p>El debate girar\u00e1 en rededor de la pol\u00edtica, democracia y gobernabilidad, ah\u00ed la 4T tiene poco de donde agarrar propuestas, m\u00ednimas opciones por donde atacar a los de enfrente que no sea recurrir al discurso gastado de \u201custedes fueron peores\u201d y escasos recursos desde d\u00f3nde defenderse ante la realidad de su actuar.<\/p>\n\n\n\n<p>Los temas del debate son pol\u00edtica social, inseguridad, crimen organizado, migraci\u00f3n y pol\u00edtica exterior, democracia, pluralismo y divisi\u00f3n de poderes. Todos contrastan con el centralismo-estatista propuesto por el actual gobierno federal, en ellos la divisi\u00f3n de poderes o ausencia de \u00e9sta saldr\u00e1n a discusi\u00f3n.<\/p>\n\n\n\n<p>Hoy por la tarde la exministra de la corte, Margarita Luna Ramos tendr\u00e1 una reuni\u00f3n en c\u00e9ntrico casino de Monterrey donde hablar\u00e1 de la importancia del poder judicial como contrapeso entre los poderes y su relevancia para la democracia.<\/p>\n\n\n\n<p>Discernir sobre de la divisi\u00f3n de poderes, el acoso pol\u00edtico a organismos como el INAI, el INE y el poder aut\u00f3nomo de la Suprema Corte es fundamental para el futuro de M\u00e9xico.<\/p>\n\n\n\n<p>La candidata de las izquierdas ha hecho suyas las iniciativas centralistas, estatistas y totalitaristas surgidas desde el poder en la 4T, es urgente comprender el peligro para los mexicanos si se concretan estas iniciativas que conducir\u00edan al pa\u00eds a un totalitarismo unipersonal.<\/p>\n\n\n\n<p>Necesitamos apretar muchas tuercas en materia de legalidad, democracia, justicia, equidad econ\u00f3mica y gobernabilidad, pero no es cancelando a los que piensan diferente como se logra. Necesitamos justicia con urgencia y ella se alcanza s\u00f3lo cuando quien la ejerce tiene contrapesos.<\/p>\n\n\n\n<p>Sobre las iniciativas presentadas en febrero por el gobierno en las cuales plantea cambios sustantivos en materia del poder judicial, sobre todo en la elecci\u00f3n de los ministros; la Barra Mexicana, Colegio de Abogados, AC; el Laboratorio de impacto sobre el Estado de Derecho de la Facultad de Derecho de Stanford y el Di\u00e1logo Interamericano, realizaron un an\u00e1lisis en el cual concluyen sobre el peligro latente de que una mayor\u00eda legislativa apruebe en obediencia ciega estas iniciativas que acabar\u00edan con el republicanismo mexicano.<\/p>\n\n\n\n<p>Margarita Luna Ramos abordar\u00e1 sobre los peligros de elegir a jueces mediante el voto directo popular. Algo que convertir\u00eda a nuestra divisi\u00f3n de poderes en una moneda de cambio y prebendas.<\/p>\n\n\n\n<p>El reporte de las instituciones, entre ellas, la Barra Mexicana de Abogados, afirma que la propuesta pone en peligro la divisi\u00f3n de poderes y por consiguiente la seguridad en la vigencia de los derechos humanos de los mexicanos.<\/p>\n\n\n\n<p>Es cierto que la forma actual de selecci\u00f3n es imperfecta, manipulada por los partidos pol\u00edticos, pero permite el equilibrio de fuerzas, s\u00ed debemos mejorar la elecci\u00f3n de jueces, ministros y personal del poder judicial, pero elegirlos por voto universal y directo no es la forma adecuada, hacerlo corromper\u00eda la impartici\u00f3n de justicia.<\/p>\n\n\n\n<p>Necesitamos un poder judicial fuerte, transparente, legal, leg\u00edtimo, democr\u00e1tico y republicano del cual nos sintamos seguros. No un ap\u00e9ndice del poder ejecutivo en turno, esto se llama Dictadura.<\/p>\n\n\n\n<p>S\u00f3lo la democracia republicana garantiza imparcialidad.<\/p>\n","protected":false},"excerpt":{"rendered":"<p>\u00d3scar Tamez Rodr\u00edguez El 19 de mayo ser\u00e1 el tercero y \u00faltimo debate entre presidenciables; aquello ser\u00e1 un reguero de lodo, descalificaciones y acusaciones. Deber\u00edan catalogarlo clasificaci\u00f3n \u201cC+\u201d: s\u00f3lo para adultos con amplio criterio y no muy sensibles al material pernicioso. Los temas son candentes y favorecen el ataque a la candidata oficialista. Recordemos que [&hellip;]<\/p>\n","protected":false},"author":1,"featured_media":118315,"comment_status":"open","ping_status":"open","sticky":true,"template":"","format":"standard","meta":{"footnotes":""},"categories":[14,12],"tags":[],"_links":{"self":[{"href":"https:\/\/diariodigitalmx.com\/index.php\/wp-json\/wp\/v2\/posts\/118313"}],"collection":[{"href":"https:\/\/diariodigitalmx.com\/index.php\/wp-json\/wp\/v2\/posts"}],"about":[{"href":"https:\/\/diariodigitalmx.com\/index.php\/wp-json\/wp\/v2\/types\/post"}],"author":[{"embeddable":true,"href":"https:\/\/diariodigitalmx.com\/index.php\/wp-json\/wp\/v2\/users\/1"}],"replies":[{"embeddable":true,"href":"https:\/\/diariodigitalmx.com\/index.php\/wp-json\/wp\/v2\/comments?post=118313"}],"version-history":[{"count":1,"href":"https:\/\/diariodigitalmx.com\/index.php\/wp-json\/wp\/v2\/posts\/118313\/revisions"}],"predecessor-version":[{"id":118314,"href":"https:\/\/diariodigitalmx.com\/index.php\/wp-json\/wp\/v2\/posts\/118313\/revisions\/118314"}],"wp:featuredmedia":[{"embeddable":true,"href":"https:\/\/diariodigitalmx.com\/index.php\/wp-json\/wp\/v2\/media\/118315"}],"wp:attachment":[{"href":"https:\/\/diariodigitalmx.com\/index.php\/wp-json\/wp\/v2\/media?parent=118313"}],"wp:term":[{"taxonomy":"category","embeddable":true,"href":"https:\/\/diariodigitalmx.com\/index.php\/wp-json\/wp\/v2\/categories?post=118313"},{"taxonomy":"post_tag","embeddable":true,"href":"https:\/\/diariodigitalmx.com\/index.php\/wp-json\/wp\/v2\/tags?post=118313"}],"curies":[{"name":"wp","href":"https:\/\/api.w.org\/{rel}","templated":true}]}}