{"id":118320,"date":"2024-05-03T05:03:17","date_gmt":"2024-05-03T10:03:17","guid":{"rendered":"https:\/\/diariodigitalmx.com\/?p=118320"},"modified":"2024-05-03T05:03:57","modified_gmt":"2024-05-03T10:03:57","slug":"aguas-con-el-calor","status":"publish","type":"post","link":"https:\/\/diariodigitalmx.com\/index.php\/2024\/05\/03\/aguas-con-el-calor\/","title":{"rendered":"Aguas con el calor"},"content":{"rendered":"\n<p>Gerson G\u00f3mez Salas <\/p>\n\n\n\n<p>Desde Aridoam\u00e9rica hasta el altiplano mexicano. El calor golpea desde el amanecer. Cada autoridad trata de llamar al uso racional. Lo hacen llevados por la urgente crisis mundial.<\/p>\n\n\n\n<p>Debemos conservar en buen nivel nuestras presas. Los meses de can\u00edcula demuestran la fragilidad de la supervivencia.<\/p>\n\n\n\n<p>Aqu\u00ed y ahora la utop\u00eda del vaso medio vac\u00edo o medio lleno. Millones de mexicanos vivimos en medio del desierto. Trabajamos contra la naturaleza. A la escuela asisten los alumnos. Incluso tratan de aprender mientras los salones hierven. Los sanitarios ecol\u00f3gicos y las letrinas en las zonas rurales resultan ineficientes.<\/p>\n\n\n\n<p>Cansados del d\u00eda, del tr\u00e1fico vehicular, en las rutas urbanas y el metro, el golpe de calor produce crisis de salud.<\/p>\n\n\n\n<p>Al adulto mayor y al infante, monitorear por horas. Los dispositivos m\u00f3viles alertan las condiciones generales. Caminar al medio d\u00eda o por la tarde, antes de la ca\u00edda del sol, aumenta el calor corporal.<\/p>\n\n\n\n<p>Ducha descontaminante al llegar a esos hornos llamados casas. Implementar en los nuevos fraccionamientos el uso de material t\u00e9rmico resistente a las variaciones climatol\u00f3gicas.<\/p>\n\n\n\n<p>Menos asfalto y mayores \u00e1reas verdes. Permitir a la naturaleza recobrar los afluentes. No es moda la ecolog\u00eda. Consignar en la constituci\u00f3n la sustentabilidad de los r\u00edos, arroyos y zonas boscosas.<\/p>\n\n\n\n<p>Reconocer la inoperancia de las polic\u00edas locales al permitir el cobro por \u00e1rbol en la franja fronteriza. Detener a quienes cobran esas infames cuotas a los residentes.<\/p>\n\n\n\n<p>Llamar a la congruencia, por humanidad de las empresas cerveceras y de refresco, como la industria minera y del acero.<\/p>\n\n\n\n<p>Aguas, el calor apenas llega. Viene a defenestrar los discursos pol\u00edticos. Contra eso, nadie puede.<\/p>\n","protected":false},"excerpt":{"rendered":"<p>Gerson G\u00f3mez Salas Desde Aridoam\u00e9rica hasta el altiplano mexicano. El calor golpea desde el amanecer. Cada autoridad trata de llamar al uso racional. Lo hacen llevados por la urgente crisis mundial. Debemos conservar en buen nivel nuestras presas. Los meses de can\u00edcula demuestran la fragilidad de la supervivencia. Aqu\u00ed y ahora la utop\u00eda del vaso [&hellip;]<\/p>\n","protected":false},"author":1,"featured_media":118322,"comment_status":"open","ping_status":"open","sticky":true,"template":"","format":"standard","meta":{"footnotes":""},"categories":[12,5],"tags":[],"_links":{"self":[{"href":"https:\/\/diariodigitalmx.com\/index.php\/wp-json\/wp\/v2\/posts\/118320"}],"collection":[{"href":"https:\/\/diariodigitalmx.com\/index.php\/wp-json\/wp\/v2\/posts"}],"about":[{"href":"https:\/\/diariodigitalmx.com\/index.php\/wp-json\/wp\/v2\/types\/post"}],"author":[{"embeddable":true,"href":"https:\/\/diariodigitalmx.com\/index.php\/wp-json\/wp\/v2\/users\/1"}],"replies":[{"embeddable":true,"href":"https:\/\/diariodigitalmx.com\/index.php\/wp-json\/wp\/v2\/comments?post=118320"}],"version-history":[{"count":1,"href":"https:\/\/diariodigitalmx.com\/index.php\/wp-json\/wp\/v2\/posts\/118320\/revisions"}],"predecessor-version":[{"id":118321,"href":"https:\/\/diariodigitalmx.com\/index.php\/wp-json\/wp\/v2\/posts\/118320\/revisions\/118321"}],"wp:featuredmedia":[{"embeddable":true,"href":"https:\/\/diariodigitalmx.com\/index.php\/wp-json\/wp\/v2\/media\/118322"}],"wp:attachment":[{"href":"https:\/\/diariodigitalmx.com\/index.php\/wp-json\/wp\/v2\/media?parent=118320"}],"wp:term":[{"taxonomy":"category","embeddable":true,"href":"https:\/\/diariodigitalmx.com\/index.php\/wp-json\/wp\/v2\/categories?post=118320"},{"taxonomy":"post_tag","embeddable":true,"href":"https:\/\/diariodigitalmx.com\/index.php\/wp-json\/wp\/v2\/tags?post=118320"}],"curies":[{"name":"wp","href":"https:\/\/api.w.org\/{rel}","templated":true}]}}