{"id":118327,"date":"2024-05-03T15:06:53","date_gmt":"2024-05-03T20:06:53","guid":{"rendered":"https:\/\/diariodigitalmx.com\/?p=118327"},"modified":"2024-05-03T15:07:41","modified_gmt":"2024-05-03T20:07:41","slug":"la-guerra-sucia","status":"publish","type":"post","link":"https:\/\/diariodigitalmx.com\/index.php\/2024\/05\/03\/la-guerra-sucia\/","title":{"rendered":"La guerra\u2026 \u00bfsucia?"},"content":{"rendered":"\n<p>Cosas del Tony<\/p>\n\n\n\n<p>Por: Antonio S\u00e1nchez R.<\/p>\n\n\n\n<p>No conozco ninguna guerra que se haya distinguido por su \u201climpieza\u201d, sino m\u00e1s bien por todo lo contrario. Las condiciones en que se desenvuelven los combatientes son, por lo regular, insalubres. Hay cualquier cosa, menos limpieza y mientras m\u00e1s duraci\u00f3n tenga el conflicto armado, las condiciones son peores.<\/p>\n\n\n\n<p>Aun en la actualidad, tiempos en los que se supone que existen grandes avances en todos los aspectos, los conflictos armados siguen siendo bastante desaseados, convirti\u00e9ndose incluso en verdaderos focos de insalubridad, en zonas de riesgo en los que la propagaci\u00f3n de diversas enfermedades no es descartable.<\/p>\n\n\n\n<p>Actualmente, en cualquier conflicto pol\u00edtico en el que se haga uso de determinada estrategia en la que alguno de los protagonistas sea \u201cgolpeada\u201d medi\u00e1ticamente, se habla de \u201cguerra sucia\u201d, t\u00e9rmino que, por las razones m\u00e1s arriba expuestas, resulta sem\u00e1nticamente equivocado.<\/p>\n\n\n\n<p>Pero, m\u00e1s all\u00e1 de analizar lo sem\u00e1nticamente incorrecto del uso del t\u00e9rmino \u201cguerra sucia\u201d, lo que se pretende es establecer qu\u00e9 tan recomendable es, y hasta qu\u00e9 punto, la utilizaci\u00f3n de cierto tipo de informaci\u00f3n para atacar, denostar o desprestigiar a un rival.<\/p>\n\n\n\n<p>De antemano les diremos que, cuando se exagera en se\u00f1alar continuamente el lado negativo de cierto candidato o candidata, el efecto suele ser, por lo regular, contrario a lo que se pretende, convirti\u00e9ndose en un arma tan peligrosa como un boomerang, que puede regresar y golpear a quien lo haya lanzado.<\/p>\n\n\n\n<p>Ejemplos para ilustrar esto sobran, pues existen casos muy cercanos en los que la supuesta v\u00edctima termin\u00f3 convirti\u00e9ndose en m\u00e1rtir y ganador de alguna contienda electoral, pues la gente, condoli\u00e9ndose de \u00e9l, decidi\u00f3 darle su voto y su confianza y rechazando a quien promov\u00eda los aspectos negativos de su o sus rivales.<\/p>\n\n\n\n<p>Aqu\u00ed en Nuevo Le\u00f3n, el caso de Fernando Elizondo Barrag\u00e1n contra Rodrigo Medina de la Cruz es m\u00e1s que ilustrativo de lo que ocurre cuando se juega sucio, cuando se pone m\u00e1s atenci\u00f3n en lo que ha hecho o podr\u00eda hacer el rival, en lugar de promover los prop\u00f3sitos y propuestas propios.<\/p>\n\n\n\n<p>La campa\u00f1a mostraba un panorama bastante parejo y la balanza pod\u00eda haberse inclinado para cualquier lado, pero exist\u00eda la percepci\u00f3n de que quien llevaba una ligera ventaja era Elizondo, sobre un joven Medina, quien ten\u00eda sobre s\u00ed la sombra de su \u201cpadrino\u201d, Jos\u00e9 Natividad Gonz\u00e1lez Par\u00e1s.<\/p>\n\n\n\n<p>Y cuando todo mundo pensaba que Fernando Elizondo se enfilaba hacia una victoria sin problemas, empez\u00f3 a gestarse una campa\u00f1a negativa en contra de Rodrigo. Fue en verdad una campa\u00f1a atosigante, en la que incluso se exager\u00f3 en ciertos aspectos y fue eso mismo, la exageraci\u00f3n, lo que provoc\u00f3 una reacci\u00f3n contraria en el electorado.<\/p>\n\n\n\n<p>La campa\u00f1a \u201cnegra\u201d o \u201cguerra sucia\u201d se convirti\u00f3 en un poderoso boomerang que golpe\u00f3 en plena cara a Elizondo y en las urnas le dio un triunfo por una amplia diferencia a Rodrigo Medina de la Cruz, quien tendr\u00eda un sexenio bastante agitado y no menos cuestionado. Pero lo interesante de esto es ver c\u00f3mo, cu\u00e1ndo y a qui\u00e9n se le ocurri\u00f3 la \u201cingeniosa\u201d idea de ventilar trapos sucios cuando se ten\u00eda todo a favor. La verdad, eso nunca lo entend\u00ed.<\/p>\n\n\n\n<p>En este proceso electoral, estamos viendo c\u00f3mo la exhibici\u00f3n de situaciones negativas de los candidatos se ha convertido en la principal estrategia de casi todos. El golpeteo se da a todos los niveles, desde las alcald\u00edas y hasta la mism\u00edsima silla presidencial.<\/p>\n\n\n\n<p>Se presume de que estas ser\u00e1n las elecciones m\u00e1s grandes de la historia de nuestro pa\u00eds, pero podr\u00edamos decir, sin equivocarnos, que ser\u00e1n tambi\u00e9n las m\u00e1s sucias, no s\u00f3lo por todo lo negativo que se ha exhibido, sino porque ser\u00e1n las elecciones en las que la parte oficial m\u00e1s ha metido la mano, sin que las autoridades electorales hayan hecho nada hasta ahora.<\/p>\n\n\n\n<p>\u00bfLo duda? Nunca, como hasta ahora, un presidente de la rep\u00fablica hab\u00eda estado tan involucrado en una elecci\u00f3n y, a nivel local, jam\u00e1s un gobernador se hab\u00eda auto impuesto un \u201chorario de trabajo\u201d, para poder hacer proselitismo en favor de su esposa candidata a la alcald\u00eda de la ciudad capital del estado que \u201cgobierna\u201d. \u00a1Para Ripley!<\/p>\n","protected":false},"excerpt":{"rendered":"<p>Cosas del Tony Por: Antonio S\u00e1nchez R. No conozco ninguna guerra que se haya distinguido por su \u201climpieza\u201d, sino m\u00e1s bien por todo lo contrario. Las condiciones en que se desenvuelven los combatientes son, por lo regular, insalubres. Hay cualquier cosa, menos limpieza y mientras m\u00e1s duraci\u00f3n tenga el conflicto armado, las condiciones son peores. [&hellip;]<\/p>\n","protected":false},"author":1,"featured_media":118329,"comment_status":"open","ping_status":"open","sticky":true,"template":"","format":"standard","meta":{"footnotes":""},"categories":[12,5],"tags":[],"_links":{"self":[{"href":"https:\/\/diariodigitalmx.com\/index.php\/wp-json\/wp\/v2\/posts\/118327"}],"collection":[{"href":"https:\/\/diariodigitalmx.com\/index.php\/wp-json\/wp\/v2\/posts"}],"about":[{"href":"https:\/\/diariodigitalmx.com\/index.php\/wp-json\/wp\/v2\/types\/post"}],"author":[{"embeddable":true,"href":"https:\/\/diariodigitalmx.com\/index.php\/wp-json\/wp\/v2\/users\/1"}],"replies":[{"embeddable":true,"href":"https:\/\/diariodigitalmx.com\/index.php\/wp-json\/wp\/v2\/comments?post=118327"}],"version-history":[{"count":1,"href":"https:\/\/diariodigitalmx.com\/index.php\/wp-json\/wp\/v2\/posts\/118327\/revisions"}],"predecessor-version":[{"id":118328,"href":"https:\/\/diariodigitalmx.com\/index.php\/wp-json\/wp\/v2\/posts\/118327\/revisions\/118328"}],"wp:featuredmedia":[{"embeddable":true,"href":"https:\/\/diariodigitalmx.com\/index.php\/wp-json\/wp\/v2\/media\/118329"}],"wp:attachment":[{"href":"https:\/\/diariodigitalmx.com\/index.php\/wp-json\/wp\/v2\/media?parent=118327"}],"wp:term":[{"taxonomy":"category","embeddable":true,"href":"https:\/\/diariodigitalmx.com\/index.php\/wp-json\/wp\/v2\/categories?post=118327"},{"taxonomy":"post_tag","embeddable":true,"href":"https:\/\/diariodigitalmx.com\/index.php\/wp-json\/wp\/v2\/tags?post=118327"}],"curies":[{"name":"wp","href":"https:\/\/api.w.org\/{rel}","templated":true}]}}