{"id":118341,"date":"2024-05-03T19:01:26","date_gmt":"2024-05-04T00:01:26","guid":{"rendered":"https:\/\/diariodigitalmx.com\/?p=118341"},"modified":"2024-05-03T19:05:40","modified_gmt":"2024-05-04T00:05:40","slug":"designan-a-quiroga-chapa-vicepresidente-en-area-de-seguridad-de-la-aalmac","status":"publish","type":"post","link":"https:\/\/diariodigitalmx.com\/index.php\/2024\/05\/03\/designan-a-quiroga-chapa-vicepresidente-en-area-de-seguridad-de-la-aalmac\/","title":{"rendered":"Designan a Quiroga Chapa Vicepresidente en area de seguridad  de la AALMAC"},"content":{"rendered":"\n<p>Durante la Asamblea para realizar el cambio de la Mesa Directiva de la Asociaci\u00f3n de Autoridades Locales de M\u00e9xico (AALMAC), Jos\u00e9 Antonio Quiroga Chapa, encargado del Despacho de la Presidencia Municipal de Escobedo, fue designado como Vicepresidente del \u00e1rea de Seguridad.<\/p>\n\n\n\n<figure class=\"wp-block-image size-large\"><img loading=\"lazy\" decoding=\"async\" width=\"1024\" height=\"680\" src=\"https:\/\/diariodigitalmx.com\/wp-content\/uploads\/2024\/05\/WhatsApp-Image-2024-05-03-at-1.35.18-PM-1-1024x680.jpeg\" alt=\"\" class=\"wp-image-118348\" srcset=\"https:\/\/diariodigitalmx.com\/wp-content\/uploads\/2024\/05\/WhatsApp-Image-2024-05-03-at-1.35.18-PM-1-1024x680.jpeg 1024w, https:\/\/diariodigitalmx.com\/wp-content\/uploads\/2024\/05\/WhatsApp-Image-2024-05-03-at-1.35.18-PM-1-300x199.jpeg 300w, https:\/\/diariodigitalmx.com\/wp-content\/uploads\/2024\/05\/WhatsApp-Image-2024-05-03-at-1.35.18-PM-1-768x510.jpeg 768w, https:\/\/diariodigitalmx.com\/wp-content\/uploads\/2024\/05\/WhatsApp-Image-2024-05-03-at-1.35.18-PM-1-1536x1020.jpeg 1536w, https:\/\/diariodigitalmx.com\/wp-content\/uploads\/2024\/05\/WhatsApp-Image-2024-05-03-at-1.35.18-PM-1.jpeg 1600w\" sizes=\"(max-width: 1024px) 100vw, 1024px\" \/><\/figure>\n\n\n\n<p>Por las pol\u00edticas p\u00fablicas en materia de seguridad que se han implementado en Escobedo y que han beneficiado a la ciudadan\u00eda, se determin\u00f3 otorgar a Quiroga Chapa, la designaci\u00f3n.<\/p>\n\n\n\n<p>Fue luego de la Toma de Protesta a los integrantes de la Nueva Mesa Directiva de la AALMAC para el periodo 2024-2025 que se entregaron los nombramientos.<\/p>\n\n\n\n<p>Al recibir la distinci\u00f3n Quiroga Chapa destac\u00f3 que el Modelo de Justicia C\u00edvica que fue creado en Escobedo\u00a0 se ha replicado en otras entidades del Pa\u00eds.<\/p>\n\n\n\n<figure class=\"wp-block-image size-large\"><img loading=\"lazy\" decoding=\"async\" width=\"1024\" height=\"680\" src=\"https:\/\/diariodigitalmx.com\/wp-content\/uploads\/2024\/05\/WhatsApp-Image-2024-05-03-at-1.35.18-PM-2-1024x680.jpeg\" alt=\"\" class=\"wp-image-118345\" srcset=\"https:\/\/diariodigitalmx.com\/wp-content\/uploads\/2024\/05\/WhatsApp-Image-2024-05-03-at-1.35.18-PM-2-1024x680.jpeg 1024w, https:\/\/diariodigitalmx.com\/wp-content\/uploads\/2024\/05\/WhatsApp-Image-2024-05-03-at-1.35.18-PM-2-300x199.jpeg 300w, https:\/\/diariodigitalmx.com\/wp-content\/uploads\/2024\/05\/WhatsApp-Image-2024-05-03-at-1.35.18-PM-2-768x510.jpeg 768w, https:\/\/diariodigitalmx.com\/wp-content\/uploads\/2024\/05\/WhatsApp-Image-2024-05-03-at-1.35.18-PM-2-1536x1020.jpeg 1536w, https:\/\/diariodigitalmx.com\/wp-content\/uploads\/2024\/05\/WhatsApp-Image-2024-05-03-at-1.35.18-PM-2.jpeg 1600w\" sizes=\"(max-width: 1024px) 100vw, 1024px\" \/><\/figure>\n\n\n\n<p>De igual manera se comprometi\u00f3 a dar el mejor de sus esfuerzos en la tarea que se le asign\u00f3 y a compartir sus conocimientos y experiencias con sus hom\u00f3logos de otros municipios.<\/p>\n\n\n\n<p>Mart\u00ed Batres Guadarrama, Jefe de Gobierno de la Ciudad de M\u00e9xico y Norma Lay\u00f3n Aar\u00fan, Presidenta Nacional de AALMAC por el periodo 2024-2025 encabezaron la Asamblea.<\/p>\n","protected":false},"excerpt":{"rendered":"<p>Durante la Asamblea para realizar el cambio de la Mesa Directiva de la Asociaci\u00f3n de Autoridades Locales de M\u00e9xico (AALMAC), Jos\u00e9 Antonio Quiroga Chapa, encargado del Despacho de la Presidencia Municipal de Escobedo, fue designado como Vicepresidente del \u00e1rea de Seguridad. Por las pol\u00edticas p\u00fablicas en materia de seguridad que se han implementado en Escobedo [&hellip;]<\/p>\n","protected":false},"author":1,"featured_media":118343,"comment_status":"open","ping_status":"open","sticky":true,"template":"","format":"standard","meta":{"footnotes":""},"categories":[14,6],"tags":[],"_links":{"self":[{"href":"https:\/\/diariodigitalmx.com\/index.php\/wp-json\/wp\/v2\/posts\/118341"}],"collection":[{"href":"https:\/\/diariodigitalmx.com\/index.php\/wp-json\/wp\/v2\/posts"}],"about":[{"href":"https:\/\/diariodigitalmx.com\/index.php\/wp-json\/wp\/v2\/types\/post"}],"author":[{"embeddable":true,"href":"https:\/\/diariodigitalmx.com\/index.php\/wp-json\/wp\/v2\/users\/1"}],"replies":[{"embeddable":true,"href":"https:\/\/diariodigitalmx.com\/index.php\/wp-json\/wp\/v2\/comments?post=118341"}],"version-history":[{"count":3,"href":"https:\/\/diariodigitalmx.com\/index.php\/wp-json\/wp\/v2\/posts\/118341\/revisions"}],"predecessor-version":[{"id":118349,"href":"https:\/\/diariodigitalmx.com\/index.php\/wp-json\/wp\/v2\/posts\/118341\/revisions\/118349"}],"wp:featuredmedia":[{"embeddable":true,"href":"https:\/\/diariodigitalmx.com\/index.php\/wp-json\/wp\/v2\/media\/118343"}],"wp:attachment":[{"href":"https:\/\/diariodigitalmx.com\/index.php\/wp-json\/wp\/v2\/media?parent=118341"}],"wp:term":[{"taxonomy":"category","embeddable":true,"href":"https:\/\/diariodigitalmx.com\/index.php\/wp-json\/wp\/v2\/categories?post=118341"},{"taxonomy":"post_tag","embeddable":true,"href":"https:\/\/diariodigitalmx.com\/index.php\/wp-json\/wp\/v2\/tags?post=118341"}],"curies":[{"name":"wp","href":"https:\/\/api.w.org\/{rel}","templated":true}]}}