{"id":118355,"date":"2024-05-03T19:30:23","date_gmt":"2024-05-04T00:30:23","guid":{"rendered":"https:\/\/diariodigitalmx.com\/?p=118355"},"modified":"2024-05-03T19:32:44","modified_gmt":"2024-05-04T00:32:44","slug":"perla-serna-una-candidata-joven-que-aglutina-preferencias-en-apodaca-nl","status":"publish","type":"post","link":"https:\/\/diariodigitalmx.com\/index.php\/2024\/05\/03\/perla-serna-una-candidata-joven-que-aglutina-preferencias-en-apodaca-nl\/","title":{"rendered":"Perla Serna, una candidata joven que aglutina preferencias en Apodaca, NL"},"content":{"rendered":"\n<figure class=\"wp-block-image size-large\"><img loading=\"lazy\" decoding=\"async\" width=\"1024\" height=\"771\" src=\"https:\/\/diariodigitalmx.com\/wp-content\/uploads\/2024\/05\/IMG_20240503_182904_418-1024x771.webp\" alt=\"\" class=\"wp-image-118359\" srcset=\"https:\/\/diariodigitalmx.com\/wp-content\/uploads\/2024\/05\/IMG_20240503_182904_418-1024x771.webp 1024w, https:\/\/diariodigitalmx.com\/wp-content\/uploads\/2024\/05\/IMG_20240503_182904_418-300x226.webp 300w, https:\/\/diariodigitalmx.com\/wp-content\/uploads\/2024\/05\/IMG_20240503_182904_418-768x578.webp 768w, https:\/\/diariodigitalmx.com\/wp-content\/uploads\/2024\/05\/IMG_20240503_182904_418.webp 1080w\" sizes=\"(max-width: 1024px) 100vw, 1024px\" \/><\/figure>\n\n\n\n<p>La cr\u00f3nica de Pedro Garc\u00eda<br>Aunque reposada, la expresi\u00f3n son\u00f3 al resumen de un hartazgo: \u201cno debe donarse el poder del padre al hijo\u201d\u2026<br>Al parecer, en Apodaca subyace una repulsa, una reprobaci\u00f3n, un aborrecimiento por lo que se fragua en la campa\u00f1a para renovar el mando en el Palacio Municipal.<br>Tambi\u00e9n, por las omisiones, fallas o una gesti\u00f3n sectaria\u2026<br>\u201cAqu\u00ed los jueces y juezas de manzana s\u00f3lo atienden a los amigos, pero, a los vecinos comunes y corrientes, no\u201d, se repiten las voces en las colonias.<\/p>\n\n\n\n<figure class=\"wp-block-image size-large\"><img loading=\"lazy\" decoding=\"async\" width=\"1024\" height=\"768\" src=\"https:\/\/diariodigitalmx.com\/wp-content\/uploads\/2024\/05\/IMG_20240503_182904_245-1024x768.webp\" alt=\"\" class=\"wp-image-118361\" srcset=\"https:\/\/diariodigitalmx.com\/wp-content\/uploads\/2024\/05\/IMG_20240503_182904_245-1024x768.webp 1024w, https:\/\/diariodigitalmx.com\/wp-content\/uploads\/2024\/05\/IMG_20240503_182904_245-300x225.webp 300w, https:\/\/diariodigitalmx.com\/wp-content\/uploads\/2024\/05\/IMG_20240503_182904_245-768x576.webp 768w, https:\/\/diariodigitalmx.com\/wp-content\/uploads\/2024\/05\/IMG_20240503_182904_245.webp 1080w\" sizes=\"(max-width: 1024px) 100vw, 1024px\" \/><\/figure>\n\n\n\n<p>\u201cA m\u00ed, me impidieron trabajar en un mercado\u201d, refiere con frustraci\u00f3n una venerable vecina -adulta mayor-, a Perla Serna, candidata a diputada por el Distrito 16 local. Y, a saber, por las explicaciones, fue nom\u00e1s por qu\u00edtenme estas pajas.<br>Perla Serna que una noche antes hab\u00eda concluido su participaci\u00f3n en el desfile del D\u00eda del Trabajo, volv\u00eda a la carga en su campa\u00f1a, metro a metro, puerta por puerta.<br>Un vecino denuncia el impune y cotidiano consumo de bebidas alcoh\u00f3licas -casi todas las noches- a lo largo de la banqueta de su calle, ante la omisi\u00f3n de la alcald\u00eda que se resiste a los llamados populares para que ponga freno a esos excesos.<\/p>\n\n\n\n<figure class=\"wp-block-image size-large\"><img loading=\"lazy\" decoding=\"async\" width=\"1024\" height=\"768\" src=\"https:\/\/diariodigitalmx.com\/wp-content\/uploads\/2024\/05\/IMG_20240503_182904_146-1024x768.webp\" alt=\"\" class=\"wp-image-118364\" srcset=\"https:\/\/diariodigitalmx.com\/wp-content\/uploads\/2024\/05\/IMG_20240503_182904_146-1024x768.webp 1024w, https:\/\/diariodigitalmx.com\/wp-content\/uploads\/2024\/05\/IMG_20240503_182904_146-300x225.webp 300w, https:\/\/diariodigitalmx.com\/wp-content\/uploads\/2024\/05\/IMG_20240503_182904_146-768x576.webp 768w, https:\/\/diariodigitalmx.com\/wp-content\/uploads\/2024\/05\/IMG_20240503_182904_146.webp 1080w\" sizes=\"(max-width: 1024px) 100vw, 1024px\" \/><\/figure>\n\n\n\n<p>Luego, define las limitaciones de los que ambicionan el poder\u2026<br>\u201cSamuel (Garc\u00eda) y C\u00e9sar (Garza) apenas est\u00e1n saliendo del cascar\u00f3n\u2026Qu\u00e9 van a saber.\u201d<br>Un vecino secunda lo dicho y conf\u00eda en que se produzca un cambio, en Apodaca. Y anticipan su disposici\u00f3n a buscar alternancias, el 2 de junio, en la alcald\u00eda y la diputaci\u00f3n local, con el voto a Perlita.<br>LA ALTA APROBACI\u00d3N DE AMLO<br>\u201cAh, nooo, a m\u00ed L\u00f3pez Obrador me salv\u00f3 del hambre\u201d, coment\u00f3 una abuelita.<br>L\u00facida, con el \u00e1nimo en todo lo alto, dice en los di\u00e1logos con Perla Serna que el programa social de pensiones de AMLO es excelente, y que es una acci\u00f3n sin precedentes.<br>Para mayor elogio de las pensiones del Bienestar, la mujer dijo que, inclusive, la pensi\u00f3n le ha servido hasta para un plan financiero a Previsi\u00f3n.<br>\u201cHice un contrato de compra de un terreno en un pante\u00f3n, el cual estoy pagando con lo que recibo del gobierno de L\u00f3pez Obrador\u201d, detalla con amplitud. Ante tanta confianza, tanta nobleza, uno no puede menos que inclinarse\u2026\u201dSigan adelante (con la campa\u00f1a) y que Dios los bendiga\u2026<br>RECEPCI\u00d3N DE FELIZ ESTRUENDO<br>\u00a1Ja, ja, ja, s\u00ed vamos a votar por ustedes!,,,<br>\u00a1Ja, ja, ja, s\u00ed, somos del PT!, dice una joven madre de familia que celebra la visita de Perla Serna al referirle a la candidata que ella forma parte de una familia de comerciantes que trabaja en los mercados populares.<br>Su felicidad contagia y, casi a gritos, da por sentada su decisi\u00f3n para el 2 de junio:<br>\u201c!Vamos con Claudia y vamos por el Partido del Trabajo\u2026!<\/p>\n","protected":false},"excerpt":{"rendered":"<p>La cr\u00f3nica de Pedro Garc\u00edaAunque reposada, la expresi\u00f3n son\u00f3 al resumen de un hartazgo: \u201cno debe donarse el poder del padre al hijo\u201d\u2026Al parecer, en Apodaca subyace una repulsa, una reprobaci\u00f3n, un aborrecimiento por lo que se fragua en la campa\u00f1a para renovar el mando en el Palacio Municipal.Tambi\u00e9n, por las omisiones, fallas o una [&hellip;]<\/p>\n","protected":false},"author":1,"featured_media":118357,"comment_status":"open","ping_status":"open","sticky":true,"template":"","format":"standard","meta":{"footnotes":""},"categories":[6,5],"tags":[],"_links":{"self":[{"href":"https:\/\/diariodigitalmx.com\/index.php\/wp-json\/wp\/v2\/posts\/118355"}],"collection":[{"href":"https:\/\/diariodigitalmx.com\/index.php\/wp-json\/wp\/v2\/posts"}],"about":[{"href":"https:\/\/diariodigitalmx.com\/index.php\/wp-json\/wp\/v2\/types\/post"}],"author":[{"embeddable":true,"href":"https:\/\/diariodigitalmx.com\/index.php\/wp-json\/wp\/v2\/users\/1"}],"replies":[{"embeddable":true,"href":"https:\/\/diariodigitalmx.com\/index.php\/wp-json\/wp\/v2\/comments?post=118355"}],"version-history":[{"count":4,"href":"https:\/\/diariodigitalmx.com\/index.php\/wp-json\/wp\/v2\/posts\/118355\/revisions"}],"predecessor-version":[{"id":118365,"href":"https:\/\/diariodigitalmx.com\/index.php\/wp-json\/wp\/v2\/posts\/118355\/revisions\/118365"}],"wp:featuredmedia":[{"embeddable":true,"href":"https:\/\/diariodigitalmx.com\/index.php\/wp-json\/wp\/v2\/media\/118357"}],"wp:attachment":[{"href":"https:\/\/diariodigitalmx.com\/index.php\/wp-json\/wp\/v2\/media?parent=118355"}],"wp:term":[{"taxonomy":"category","embeddable":true,"href":"https:\/\/diariodigitalmx.com\/index.php\/wp-json\/wp\/v2\/categories?post=118355"},{"taxonomy":"post_tag","embeddable":true,"href":"https:\/\/diariodigitalmx.com\/index.php\/wp-json\/wp\/v2\/tags?post=118355"}],"curies":[{"name":"wp","href":"https:\/\/api.w.org\/{rel}","templated":true}]}}