{"id":118393,"date":"2024-05-04T14:51:42","date_gmt":"2024-05-04T19:51:42","guid":{"rendered":"https:\/\/diariodigitalmx.com\/?p=118393"},"modified":"2024-05-04T14:54:48","modified_gmt":"2024-05-04T19:54:48","slug":"invertira-mijes-en-policia-ambiental-y-en-sistema-de-monitoreo-del-aire","status":"publish","type":"post","link":"https:\/\/diariodigitalmx.com\/index.php\/2024\/05\/04\/invertira-mijes-en-policia-ambiental-y-en-sistema-de-monitoreo-del-aire\/","title":{"rendered":"Invertir\u00e1 Mijes en polic\u00eda ambiental  y en sistema de monitoreo del aire"},"content":{"rendered":"\n<figure class=\"wp-block-image size-large\"><img loading=\"lazy\" decoding=\"async\" width=\"1024\" height=\"682\" src=\"https:\/\/diariodigitalmx.com\/wp-content\/uploads\/2024\/05\/IMG_7054-1024x682.jpg\" alt=\"\" class=\"wp-image-118397\" srcset=\"https:\/\/diariodigitalmx.com\/wp-content\/uploads\/2024\/05\/IMG_7054-1024x682.jpg 1024w, https:\/\/diariodigitalmx.com\/wp-content\/uploads\/2024\/05\/IMG_7054-300x200.jpg 300w, https:\/\/diariodigitalmx.com\/wp-content\/uploads\/2024\/05\/IMG_7054-768x512.jpg 768w, https:\/\/diariodigitalmx.com\/wp-content\/uploads\/2024\/05\/IMG_7054-1536x1023.jpg 1536w, https:\/\/diariodigitalmx.com\/wp-content\/uploads\/2024\/05\/IMG_7054-2048x1364.jpg 2048w\" sizes=\"(max-width: 1024px) 100vw, 1024px\" \/><\/figure>\n\n\n\n<p>Para combatir la contaminaci\u00f3n y cuidar el medio ambiente, Andr\u00e9s Mijes proyecta establecer en Escobedo un sistema de monitoreo para la calidad del aire y reforzar la Polic\u00eda Ambiental.<\/p>\n\n\n\n<p>El candidato de la coalici\u00f3n &#8220;Sigamos Haciendo Historia&#8221;, explic\u00f3 que dentro del proyecto contempla instalar estrat\u00e9gicamente 15 estaciones de monitoreo.<\/p>\n\n\n\n<p>Con ello, agreg\u00f3, se tendr\u00e1 una medici\u00f3n m\u00e1s precisa de la calidad del aire que respiran los ciudadanos y as\u00ed, establecer acciones para combatir el problema.<\/p>\n\n\n\n<p>\u201cEs importante que sepamos la calidad de nuestro aire, vamos a informarle a la ciudadan\u00eda a trav\u00e9s de las redes sociales si es conveniente salir a correr o no, que tengan cuidado con los ni\u00f1os, y si hay que usar cubre bocas por la cantidad de part\u00edculas contaminantes\u201d, coment\u00f3.<\/p>\n\n\n\n<p>Mijes ha entablado di\u00e1logos con vecinos de sectores como Flores Mag\u00f3n, Ex Hacienda El Canad\u00e1, Residencial Escobedo, La Monclovita, y Cerradas de An\u00e1huac, entre otras, donde ha precisado que tambi\u00e9n reforzar\u00e1 la Secretar\u00eda Ambiental.<\/p>\n\n\n\n<p>Dentro de la propuesta est\u00e1 el contar con m\u00e1s elementos e incrementar la vigilancia para evitar que se formen tiraderos clandestinos y se contaminen \u00e1reas verdes.<\/p>\n\n\n\n<p>\u201cVamos a duplicar el n\u00famero de elementos y recursos para la vigilancia, se fortalecer\u00e1 (la Polic\u00eda Ambiental) con drones y veh\u00edculos para as\u00ed tener la capacidad de detectar a quienes tiren basura en los camellones\u201d, mencion\u00f3 el candidato.<\/p>\n\n\n\n<p>Con estas acciones, refiri\u00f3, se busca combatir la contaminaci\u00f3n ambiental para generar espacios saludables para todas las familias de Escobedo.<\/p>\n","protected":false},"excerpt":{"rendered":"<p>Para combatir la contaminaci\u00f3n y cuidar el medio ambiente, Andr\u00e9s Mijes proyecta establecer en Escobedo un sistema de monitoreo para la calidad del aire y reforzar la Polic\u00eda Ambiental. El candidato de la coalici\u00f3n &#8220;Sigamos Haciendo Historia&#8221;, explic\u00f3 que dentro del proyecto contempla instalar estrat\u00e9gicamente 15 estaciones de monitoreo. Con ello, agreg\u00f3, se tendr\u00e1 una [&hellip;]<\/p>\n","protected":false},"author":1,"featured_media":118395,"comment_status":"open","ping_status":"open","sticky":true,"template":"","format":"standard","meta":{"footnotes":""},"categories":[6,5],"tags":[],"_links":{"self":[{"href":"https:\/\/diariodigitalmx.com\/index.php\/wp-json\/wp\/v2\/posts\/118393"}],"collection":[{"href":"https:\/\/diariodigitalmx.com\/index.php\/wp-json\/wp\/v2\/posts"}],"about":[{"href":"https:\/\/diariodigitalmx.com\/index.php\/wp-json\/wp\/v2\/types\/post"}],"author":[{"embeddable":true,"href":"https:\/\/diariodigitalmx.com\/index.php\/wp-json\/wp\/v2\/users\/1"}],"replies":[{"embeddable":true,"href":"https:\/\/diariodigitalmx.com\/index.php\/wp-json\/wp\/v2\/comments?post=118393"}],"version-history":[{"count":2,"href":"https:\/\/diariodigitalmx.com\/index.php\/wp-json\/wp\/v2\/posts\/118393\/revisions"}],"predecessor-version":[{"id":118398,"href":"https:\/\/diariodigitalmx.com\/index.php\/wp-json\/wp\/v2\/posts\/118393\/revisions\/118398"}],"wp:featuredmedia":[{"embeddable":true,"href":"https:\/\/diariodigitalmx.com\/index.php\/wp-json\/wp\/v2\/media\/118395"}],"wp:attachment":[{"href":"https:\/\/diariodigitalmx.com\/index.php\/wp-json\/wp\/v2\/media?parent=118393"}],"wp:term":[{"taxonomy":"category","embeddable":true,"href":"https:\/\/diariodigitalmx.com\/index.php\/wp-json\/wp\/v2\/categories?post=118393"},{"taxonomy":"post_tag","embeddable":true,"href":"https:\/\/diariodigitalmx.com\/index.php\/wp-json\/wp\/v2\/tags?post=118393"}],"curies":[{"name":"wp","href":"https:\/\/api.w.org\/{rel}","templated":true}]}}