{"id":118413,"date":"2024-05-04T20:20:31","date_gmt":"2024-05-05T01:20:31","guid":{"rendered":"https:\/\/diariodigitalmx.com\/?p=118413"},"modified":"2024-05-04T20:22:02","modified_gmt":"2024-05-05T01:22:02","slug":"se-compromete-adrian-de-la-garza-con-la-iniciativa-voto-por-aire-limpio","status":"publish","type":"post","link":"https:\/\/diariodigitalmx.com\/index.php\/2024\/05\/04\/se-compromete-adrian-de-la-garza-con-la-iniciativa-voto-por-aire-limpio\/","title":{"rendered":"Se compromete Adri\u00e1n de la Garza con la iniciativa \u201cVoto por aire limpio\u201d"},"content":{"rendered":"\n<p><em>Ofrece 10 propuestas para combatir la crisis clim\u00e1tica e h\u00eddrica y mejorar la calidad del aire en Monterrey<\/em><\/p>\n\n\n\n<p>Porque el cuidado del medio ambiente y la salud de los regiomontanos es prioridad, el candidato a la alcald\u00eda de Monterrey, Adri\u00e1n de la Garza Santos se comprometi\u00f3 con la iniciativa ciudadana \u201cVoto por aire limpio\u201d del Comit\u00e9 Ecol\u00f3gico Integral.<\/p>\n\n\n\n<p>Durante su campa\u00f1a este fin de semana, el abanderado de la alianza \u201cFuerza y coraz\u00f3n por Nuevo Le\u00f3n\u201d enumer\u00f3 los compromisos que proyecta llevar a cabo en cuanto asuma la administraci\u00f3n municipal.<\/p>\n\n\n\n<figure class=\"wp-block-image size-large\"><img loading=\"lazy\" decoding=\"async\" width=\"1024\" height=\"683\" src=\"https:\/\/diariodigitalmx.com\/wp-content\/uploads\/2024\/05\/IMG-20240504-WA0090-1024x683.jpg\" alt=\"\" class=\"wp-image-118416\" srcset=\"https:\/\/diariodigitalmx.com\/wp-content\/uploads\/2024\/05\/IMG-20240504-WA0090-1024x683.jpg 1024w, https:\/\/diariodigitalmx.com\/wp-content\/uploads\/2024\/05\/IMG-20240504-WA0090-300x200.jpg 300w, https:\/\/diariodigitalmx.com\/wp-content\/uploads\/2024\/05\/IMG-20240504-WA0090-768x512.jpg 768w, https:\/\/diariodigitalmx.com\/wp-content\/uploads\/2024\/05\/IMG-20240504-WA0090-1536x1024.jpg 1536w, https:\/\/diariodigitalmx.com\/wp-content\/uploads\/2024\/05\/IMG-20240504-WA0090.jpg 1600w\" sizes=\"(max-width: 1024px) 100vw, 1024px\" \/><\/figure>\n\n\n\n<p>ACCIONES:<\/p>\n\n\n\n<p>\u2022 Crecimiento urbano ordenado y sostenible con visi\u00f3n de largo plazo y coordinaci\u00f3n metropolitana<br>\u2022 Cuidado de \u00e1reas naturales protegidas de Monterrey<br>\u2022 Inventario actualizado de fuentes de emisiones para prevenir contingencias ambientales<br>\u2022 Inversi\u00f3n en \u00e1reas verdes para que cuenten con cisternas que capten el agua de lluvia y que permitan el riego con aguas residuales.<br>\u2022 Establecer un programa de detecci\u00f3n de fugas de agua potable para evitar de forma inmediata su desperdicio.<\/p>\n\n\n\n<figure class=\"wp-block-image size-large\"><img loading=\"lazy\" decoding=\"async\" width=\"1024\" height=\"683\" src=\"https:\/\/diariodigitalmx.com\/wp-content\/uploads\/2024\/05\/IMG-20240504-WA0089-1024x683.jpg\" alt=\"\" class=\"wp-image-118419\" srcset=\"https:\/\/diariodigitalmx.com\/wp-content\/uploads\/2024\/05\/IMG-20240504-WA0089-1024x683.jpg 1024w, https:\/\/diariodigitalmx.com\/wp-content\/uploads\/2024\/05\/IMG-20240504-WA0089-300x200.jpg 300w, https:\/\/diariodigitalmx.com\/wp-content\/uploads\/2024\/05\/IMG-20240504-WA0089-768x512.jpg 768w, https:\/\/diariodigitalmx.com\/wp-content\/uploads\/2024\/05\/IMG-20240504-WA0089-1536x1024.jpg 1536w, https:\/\/diariodigitalmx.com\/wp-content\/uploads\/2024\/05\/IMG-20240504-WA0089.jpg 1600w\" sizes=\"(max-width: 1024px) 100vw, 1024px\" \/><\/figure>\n\n\n\n<p><br>\u2022 Inversi\u00f3n en rutas de transporte p\u00fablico municipal que tambi\u00e9n ayudar\u00e1 a reducir tiempos de traslado, a mejorar la movilidad y bajar la emisi\u00f3n de contaminantes<br>\u2022 Dise\u00f1ar mejor infraestructura para nuevas formas de movilidad, es decir, reducir el uso de automotores.<br>\u2022 Promoci\u00f3n del reciclaje y una eficaz gesti\u00f3n de la basura<br>\u2022 Manejo eficiente de energ\u00eda el\u00e9ctrica y agua<br>\u2022 Consolidar a Monterrey como una ciudad sostenible<\/p>\n\n\n\n<p>El Comit\u00e9 Ecol\u00f3gico Integral y el movimiento infantil \u201cyo respiro Monterrey\u201d trabajan en conjunto por lograr una mejor calidad del aire y la crisis clim\u00e1tica en general y buscan que las autoridades se comprometan a llevar a cabo pol\u00edticas p\u00fablicas que coadyuven a mejorar la calidad de vida de las personas y la salud del planeta.<\/p>\n\n\n\n<p>Este s\u00e1bado, el aspirante a la Presidencia Municipal de Monterrey dialog\u00f3 con los oferentes y clientes de un mercado en la colonia Valle de Santa Luc\u00eda en la zona norte, quienes le pidieron seguridad para el sector.<\/p>\n\n\n\n<p>M\u00e1s tarde, encabez\u00f3 un \u201cpegoteo\u201d en el crucero de Aztl\u00e1n y Uxmal en la Unidad Modelo, donde los automovilistas hac\u00edan parada para saludar a De la Garza Santos y tomarse la foto del recuerdo.<\/p>\n","protected":false},"excerpt":{"rendered":"<p>Ofrece 10 propuestas para combatir la crisis clim\u00e1tica e h\u00eddrica y mejorar la calidad del aire en Monterrey Porque el cuidado del medio ambiente y la salud de los regiomontanos es prioridad, el candidato a la alcald\u00eda de Monterrey, Adri\u00e1n de la Garza Santos se comprometi\u00f3 con la iniciativa ciudadana \u201cVoto por aire limpio\u201d del [&hellip;]<\/p>\n","protected":false},"author":1,"featured_media":118415,"comment_status":"open","ping_status":"open","sticky":true,"template":"","format":"standard","meta":{"footnotes":""},"categories":[14,6],"tags":[],"_links":{"self":[{"href":"https:\/\/diariodigitalmx.com\/index.php\/wp-json\/wp\/v2\/posts\/118413"}],"collection":[{"href":"https:\/\/diariodigitalmx.com\/index.php\/wp-json\/wp\/v2\/posts"}],"about":[{"href":"https:\/\/diariodigitalmx.com\/index.php\/wp-json\/wp\/v2\/types\/post"}],"author":[{"embeddable":true,"href":"https:\/\/diariodigitalmx.com\/index.php\/wp-json\/wp\/v2\/users\/1"}],"replies":[{"embeddable":true,"href":"https:\/\/diariodigitalmx.com\/index.php\/wp-json\/wp\/v2\/comments?post=118413"}],"version-history":[{"count":3,"href":"https:\/\/diariodigitalmx.com\/index.php\/wp-json\/wp\/v2\/posts\/118413\/revisions"}],"predecessor-version":[{"id":118420,"href":"https:\/\/diariodigitalmx.com\/index.php\/wp-json\/wp\/v2\/posts\/118413\/revisions\/118420"}],"wp:featuredmedia":[{"embeddable":true,"href":"https:\/\/diariodigitalmx.com\/index.php\/wp-json\/wp\/v2\/media\/118415"}],"wp:attachment":[{"href":"https:\/\/diariodigitalmx.com\/index.php\/wp-json\/wp\/v2\/media?parent=118413"}],"wp:term":[{"taxonomy":"category","embeddable":true,"href":"https:\/\/diariodigitalmx.com\/index.php\/wp-json\/wp\/v2\/categories?post=118413"},{"taxonomy":"post_tag","embeddable":true,"href":"https:\/\/diariodigitalmx.com\/index.php\/wp-json\/wp\/v2\/tags?post=118413"}],"curies":[{"name":"wp","href":"https:\/\/api.w.org\/{rel}","templated":true}]}}