{"id":118599,"date":"2024-05-07T18:21:13","date_gmt":"2024-05-07T23:21:13","guid":{"rendered":"https:\/\/diariodigitalmx.com\/?p=118599"},"modified":"2024-05-07T18:37:30","modified_gmt":"2024-05-07T23:37:30","slug":"reciclaje-o-paralelismo","status":"publish","type":"post","link":"https:\/\/diariodigitalmx.com\/index.php\/2024\/05\/07\/reciclaje-o-paralelismo\/","title":{"rendered":"Reciclaje o paralelismo"},"content":{"rendered":"\n<p><em>Abel Moreno L\u00f3pez<\/em><\/p>\n\n\n\n<p>No cabe duda que la historia y particularmente la pol\u00edtica, se recicla. La revisi\u00f3n de actos que tuvieron lugar en otro tiempo, parece que vuelven a presentarse en estos d\u00edas&#8230; hay una especie de paralelismo&#8230;<\/p>\n\n\n\n<p>Hoy se recuerdan -como olvidarlo- los d\u00edas de la celebraci\u00f3n del primer centenario del Estado de Nuevo Le\u00f3n, no era un evento ordinario el que la entidad llegara a sus primeros 100 a\u00f1os de vida institucional y sin embargo hay un hecho notorio aunque no notable: el gobernador estuvo ausente&#8230;<\/p>\n\n\n\n<p>M\u00e1s a\u00fan&#8230; poco tiempo despu\u00e9s fue desaforado&#8230;<\/p>\n\n\n\n<p>Desde luego nada que ver con la actual crisis pol\u00edtica de gobernabilidad y representatividad pol\u00edtica en que no faltan las voces que reclaman llevar a juicio pol\u00edtico al titular del Ejecutivo por reiteradas y p\u00fablicamente conocidas violaciones al texto constitucional que presume haber renovado.<\/p>\n\n\n\n<p>Aquellos eran los d\u00edas de la postrevoluci\u00f3n, luego de un a\u00f1o de gran inestabilidad pol\u00edtica como fue 1923 con m\u00e1s de media docena de titulares del Ejecutivo, finalmente hab\u00eda sido electo el general Porfirio G. Gonz\u00e1lez, sin embargo, la estela de inestabilidad arreciaba, en tanto que la violencia y la intolerancia iban <em>in crescendo<\/em>&#8230;<\/p>\n\n\n\n<p>Para la conmemoraci\u00f3n centenaria el Congreso Local hab\u00eda decretado como d\u00eda de fiesta el 7 de mayo de 1924 a propuesta del diputado Julio L. Leal. Ahora en el bicentenario s\u00ed estar\u00e1 presente el Ejecutivo, que ejerce una sola persona, pero no se sabe si lo har\u00e1n los otros dos poderes del estado, dada la crisis pol\u00edtica antes aludida&#8230;<\/p>\n\n\n\n<p>El 7 de mayo, se conmemoraba un fausto acontecimiento, Nuevo Le\u00f3n cumpl\u00eda 100 a\u00f1os como entidad federativa y las autoridades y la sociedad se aprestaban a realizar un gran festejo. El gobernador Gonz\u00e1lez estuvo ausente, por enfermedad, seg\u00fan se dijo&#8230; Lo represent\u00f3 el secretario de gobierno, licenciado Antonio C. Elizondo&#8230;<\/p>\n\n\n\n<p>Cinco meses despu\u00e9s, el gobernador fue desaforado por el Congreso&#8230; pero esa ya es otra historia&#8230;<\/p>\n","protected":false},"excerpt":{"rendered":"<p>Abel Moreno L\u00f3pez No cabe duda que la historia y particularmente la pol\u00edtica, se recicla. La revisi\u00f3n de actos que tuvieron lugar en otro tiempo, parece que vuelven a presentarse en estos d\u00edas&#8230; hay una especie de paralelismo&#8230; Hoy se recuerdan -como olvidarlo- los d\u00edas de la celebraci\u00f3n del primer centenario del Estado de Nuevo [&hellip;]<\/p>\n","protected":false},"author":1,"featured_media":118601,"comment_status":"open","ping_status":"open","sticky":true,"template":"","format":"standard","meta":{"footnotes":""},"categories":[11,14],"tags":[],"_links":{"self":[{"href":"https:\/\/diariodigitalmx.com\/index.php\/wp-json\/wp\/v2\/posts\/118599"}],"collection":[{"href":"https:\/\/diariodigitalmx.com\/index.php\/wp-json\/wp\/v2\/posts"}],"about":[{"href":"https:\/\/diariodigitalmx.com\/index.php\/wp-json\/wp\/v2\/types\/post"}],"author":[{"embeddable":true,"href":"https:\/\/diariodigitalmx.com\/index.php\/wp-json\/wp\/v2\/users\/1"}],"replies":[{"embeddable":true,"href":"https:\/\/diariodigitalmx.com\/index.php\/wp-json\/wp\/v2\/comments?post=118599"}],"version-history":[{"count":1,"href":"https:\/\/diariodigitalmx.com\/index.php\/wp-json\/wp\/v2\/posts\/118599\/revisions"}],"predecessor-version":[{"id":118600,"href":"https:\/\/diariodigitalmx.com\/index.php\/wp-json\/wp\/v2\/posts\/118599\/revisions\/118600"}],"wp:featuredmedia":[{"embeddable":true,"href":"https:\/\/diariodigitalmx.com\/index.php\/wp-json\/wp\/v2\/media\/118601"}],"wp:attachment":[{"href":"https:\/\/diariodigitalmx.com\/index.php\/wp-json\/wp\/v2\/media?parent=118599"}],"wp:term":[{"taxonomy":"category","embeddable":true,"href":"https:\/\/diariodigitalmx.com\/index.php\/wp-json\/wp\/v2\/categories?post=118599"},{"taxonomy":"post_tag","embeddable":true,"href":"https:\/\/diariodigitalmx.com\/index.php\/wp-json\/wp\/v2\/tags?post=118599"}],"curies":[{"name":"wp","href":"https:\/\/api.w.org\/{rel}","templated":true}]}}