{"id":118602,"date":"2024-05-07T20:27:42","date_gmt":"2024-05-08T01:27:42","guid":{"rendered":"https:\/\/diariodigitalmx.com\/?p=118602"},"modified":"2024-05-07T20:28:32","modified_gmt":"2024-05-08T01:28:32","slug":"amparan-al-bronco-contra-vinculacion-por-ecovia","status":"publish","type":"post","link":"https:\/\/diariodigitalmx.com\/index.php\/2024\/05\/07\/amparan-al-bronco-contra-vinculacion-por-ecovia\/","title":{"rendered":"Amparan al Bronco contra vinculaci\u00f3n por Ecov\u00eda"},"content":{"rendered":"\n<p><br>Monterrey.- El ex Gobernador Jaime Rodr\u00edguez recibi\u00f3 en definitiva un amparo por parte de un juez de distrito en Materia Penal de la Ciudad de M\u00e9xico, por lo que se echa abajo la vinculaci\u00f3n a proceso por abuso de autoridad en la requisa de Ecov\u00eda que hizo durante su gobierno.<\/p>\n\n\n\n<p>El Juez D\u00e9cimo Cuarto de Distrito de Amparo en Materia Penal, \u00c9rick Zabalgoitia, dej\u00f3 sin efectos la vinculaci\u00f3n y aleg\u00f3 vicios en el proceso y orden\u00f3 la reposici\u00f3n del procedimiento dentro de la carpeta judicial.<\/p>\n\n\n\n<p>&#8220;Deje insubsistente el auto de vinculaci\u00f3n a proceso dictado en contra del quejoso, en los autos de la Carpeta Judicial, por su probable intervenci\u00f3n en el hecho que la ley se\u00f1ala como delito de abuso de autoridad&#8221;, dice la resoluci\u00f3n que fue difundida aqu\u00ed pese a que tiene fecha de 20 de marzo pasado.<\/p>\n\n\n\n<p>&#8220;Ordene la reposici\u00f3n del procedimiento en la Carpeta Judicial, a efecto de que ante diverso Juez de Control, el \u00f3rgano acusador exponga oralmente los antecedentes de la investigaci\u00f3n con los que considera que existen datos que establecen que se ha cometido un hecho que la ley se\u00f1ala como delito (antes mencionado)&#8221;, agrega.<\/p>\n\n\n\n<p>En aabril de 2022, Jaime Rodr\u00edguez \u201cEl Bronco\u201d fue vinculado a proceso por presunto abuso de autoridad, en cuanto a la requisa de la Ecov\u00eda, tras una audiencia que dur\u00f3 m\u00e1s de 10 horas<\/p>\n\n\n\n<p>Sin embargo, luego de la resoluci\u00f3n, la Fiscal\u00eda y Gabriel Garc\u00eda, abogado del ex gobernador presentaron recursos de revisi\u00f3n que desahoga el Noveno Tribunal Colegiado en Materia Penal, en la Ciudad de M\u00e9xico.<\/p>\n\n\n\n<p>La defensa dice que recurrieron el fallo porque el Juez federal debi\u00f3 entrar al estudio de fondo y no lo hizo, ya que en teor\u00eda no beneficia el fallo. &#8220;El Juez de Amparo debi\u00f3 entrar al fondo del asunto, no quedarse con un tema de formalidad de la audiencia&#8221;, explic\u00f3.<\/p>\n\n\n\n<p>Debi\u00f3, dijo, entrar al auto de vinculaci\u00f3n a proceso porque la prisi\u00f3n preventiva ya no se est\u00e1 aplicando, pero si debi\u00f3 haber entrado al estudio de los argumentos de los conceptos de violaci\u00f3n derivado de la vinculaci\u00f3n a proceso&#8221;.<\/p>\n\n\n\n<p>Ahora esperan tumbar el juicio con el recurso de revisi\u00f3n promovido ante el Tribunal Colegiado.<\/p>\n\n\n\n<p>La Ecov\u00eda un sistema de transporte colectivo de 30.1 kil\u00f3metros fue inaugurado en 2014 operado por el sector privado, pero El Bronco argument\u00f3 malos manejos y la requisa en 2016, por lo que se inici\u00f3 un pleito legal.<\/p>\n","protected":false},"excerpt":{"rendered":"<p>Monterrey.- El ex Gobernador Jaime Rodr\u00edguez recibi\u00f3 en definitiva un amparo por parte de un juez de distrito en Materia Penal de la Ciudad de M\u00e9xico, por lo que se echa abajo la vinculaci\u00f3n a proceso por abuso de autoridad en la requisa de Ecov\u00eda que hizo durante su gobierno. El Juez D\u00e9cimo Cuarto de [&hellip;]<\/p>\n","protected":false},"author":1,"featured_media":118604,"comment_status":"open","ping_status":"open","sticky":true,"template":"","format":"standard","meta":{"footnotes":""},"categories":[6,3],"tags":[],"_links":{"self":[{"href":"https:\/\/diariodigitalmx.com\/index.php\/wp-json\/wp\/v2\/posts\/118602"}],"collection":[{"href":"https:\/\/diariodigitalmx.com\/index.php\/wp-json\/wp\/v2\/posts"}],"about":[{"href":"https:\/\/diariodigitalmx.com\/index.php\/wp-json\/wp\/v2\/types\/post"}],"author":[{"embeddable":true,"href":"https:\/\/diariodigitalmx.com\/index.php\/wp-json\/wp\/v2\/users\/1"}],"replies":[{"embeddable":true,"href":"https:\/\/diariodigitalmx.com\/index.php\/wp-json\/wp\/v2\/comments?post=118602"}],"version-history":[{"count":2,"href":"https:\/\/diariodigitalmx.com\/index.php\/wp-json\/wp\/v2\/posts\/118602\/revisions"}],"predecessor-version":[{"id":118605,"href":"https:\/\/diariodigitalmx.com\/index.php\/wp-json\/wp\/v2\/posts\/118602\/revisions\/118605"}],"wp:featuredmedia":[{"embeddable":true,"href":"https:\/\/diariodigitalmx.com\/index.php\/wp-json\/wp\/v2\/media\/118604"}],"wp:attachment":[{"href":"https:\/\/diariodigitalmx.com\/index.php\/wp-json\/wp\/v2\/media?parent=118602"}],"wp:term":[{"taxonomy":"category","embeddable":true,"href":"https:\/\/diariodigitalmx.com\/index.php\/wp-json\/wp\/v2\/categories?post=118602"},{"taxonomy":"post_tag","embeddable":true,"href":"https:\/\/diariodigitalmx.com\/index.php\/wp-json\/wp\/v2\/tags?post=118602"}],"curies":[{"name":"wp","href":"https:\/\/api.w.org\/{rel}","templated":true}]}}