{"id":118651,"date":"2024-05-08T18:19:13","date_gmt":"2024-05-08T23:19:13","guid":{"rendered":"https:\/\/diariodigitalmx.com\/?p=118651"},"modified":"2024-05-08T18:21:19","modified_gmt":"2024-05-08T23:21:19","slug":"reactivara-adrian-de-la-garza-la-ciudad-deportiva","status":"publish","type":"post","link":"https:\/\/diariodigitalmx.com\/index.php\/2024\/05\/08\/reactivara-adrian-de-la-garza-la-ciudad-deportiva\/","title":{"rendered":"Reactivar\u00e1 Adri\u00e1n de la Garza la Ciudad Deportiva"},"content":{"rendered":"\n<p><em>Adem\u00e1s se comprometi\u00f3 a eliminar el cobro de ingreso a las unidades deportivas.<\/em><\/p>\n\n\n\n<p>Durante una reuni\u00f3n con el gremio deportivo, Adri\u00e1n de la Garza Santos, candidato a la alcald\u00eda de Monterrey de la coalici\u00f3n PRI, PAN y PRD se comprometi\u00f3 a reactivar la Ciudad Deportiva ubicada en la Avenida Churubusco, incluyendo el Domo Acu\u00e1tico, adem\u00e1s de eliminar el cobro al acceso a las unidades deportivas como sucede actualmente.<\/p>\n\n\n\n<p>En su encuentro con atletas de alto rendimiento y entrenadores, De la Garza Santos record\u00f3 que durante su gesti\u00f3n como alcalde, el deporte fue una de sus principales herramientas para la reducci\u00f3n de la violencia y delincuencia en la ciudad y que hoy dej\u00f3 de ser prioridad para este gobierno.<\/p>\n\n\n\n<figure class=\"wp-block-image size-large\"><img loading=\"lazy\" decoding=\"async\" width=\"1024\" height=\"683\" src=\"https:\/\/diariodigitalmx.com\/wp-content\/uploads\/2024\/05\/IMG-20240508-WA0172-1024x683.jpg\" alt=\"\" class=\"wp-image-118655\" srcset=\"https:\/\/diariodigitalmx.com\/wp-content\/uploads\/2024\/05\/IMG-20240508-WA0172-1024x683.jpg 1024w, https:\/\/diariodigitalmx.com\/wp-content\/uploads\/2024\/05\/IMG-20240508-WA0172-300x200.jpg 300w, https:\/\/diariodigitalmx.com\/wp-content\/uploads\/2024\/05\/IMG-20240508-WA0172-768x512.jpg 768w, https:\/\/diariodigitalmx.com\/wp-content\/uploads\/2024\/05\/IMG-20240508-WA0172-1536x1024.jpg 1536w, https:\/\/diariodigitalmx.com\/wp-content\/uploads\/2024\/05\/IMG-20240508-WA0172.jpg 1600w\" sizes=\"(max-width: 1024px) 100vw, 1024px\" \/><\/figure>\n\n\n\n<p>&#8221; Tengo conocimiento que ha estado cerrado desde hace dos a\u00f1os, tuvieron problemas para reactivarlo, lo que les ofrezco es la experiencia de lo que vivieron durante mi administraci\u00f3n, que la vamos a mejorar, yo me encargo de las instalaciones y ustedes ay\u00fadenme a provocar y promover el deporte con sus conocimientos&#8221;, coment\u00f3.<\/p>\n\n\n\n<p>Respecto a una de las principales preocupaciones de los asistentes sobre el cobro que se realiza actualmente para el ingreso a las unidades deportivas como si fuera &#8220;derecho de piso, por lo que varios clubes desaparecieron porque no pudieron solventar el pago.<\/p>\n\n\n\n<figure class=\"wp-block-image size-large\"><img loading=\"lazy\" decoding=\"async\" width=\"1024\" height=\"1024\" src=\"https:\/\/diariodigitalmx.com\/wp-content\/uploads\/2024\/05\/IMG_20240508_161609_353-1024x1024.webp\" alt=\"\" class=\"wp-image-118657\" srcset=\"https:\/\/diariodigitalmx.com\/wp-content\/uploads\/2024\/05\/IMG_20240508_161609_353-1024x1024.webp 1024w, https:\/\/diariodigitalmx.com\/wp-content\/uploads\/2024\/05\/IMG_20240508_161609_353-300x300.webp 300w, https:\/\/diariodigitalmx.com\/wp-content\/uploads\/2024\/05\/IMG_20240508_161609_353-150x150.webp 150w, https:\/\/diariodigitalmx.com\/wp-content\/uploads\/2024\/05\/IMG_20240508_161609_353-768x768.webp 768w, https:\/\/diariodigitalmx.com\/wp-content\/uploads\/2024\/05\/IMG_20240508_161609_353.webp 1067w\" sizes=\"(max-width: 1024px) 100vw, 1024px\" \/><\/figure>\n\n\n\n<p>Por ello, el candidato recalc\u00f3 que a su llegada al gobierno municipal no solo eliminar\u00e1 la cuota, sino que los dotar\u00e1 de equipamiento y les ofrecer\u00e1 un espacio digno y moderno para sus entrenamientos.<\/p>\n\n\n\n<p>&#8220;Desde ahorita les digo que si es un cobro municipal queda cancelado, no lo hac\u00edamos antes por qu\u00e9 lo vamos hacer ahora, creo que es una mala apreciaci\u00f3n de lo que debe de hacer el municipio, el poner las condiciones para que se genere el deporte y no poner trabas, lo tengo claro, est\u00e1n cobrando y lo vamos a eliminar&#8221;, apunt\u00f3.<\/p>\n\n\n\n<p>Adri\u00e1n de la Garza Santos se comprometi\u00f3 tambi\u00e9n a reactivar la v\u00eda deportiva todos los domingos, capacitaci\u00f3n en primeros auxilios a instructores y personal de los gimnasios municipales, adem\u00e1s de espacios dignos y seguros, bien iluminados y con mantenimiento permanente, detecci\u00f3n y apoyo a talentos deportivos de Monterrey.<\/p>\n","protected":false},"excerpt":{"rendered":"<p>Adem\u00e1s se comprometi\u00f3 a eliminar el cobro de ingreso a las unidades deportivas. Durante una reuni\u00f3n con el gremio deportivo, Adri\u00e1n de la Garza Santos, candidato a la alcald\u00eda de Monterrey de la coalici\u00f3n PRI, PAN y PRD se comprometi\u00f3 a reactivar la Ciudad Deportiva ubicada en la Avenida Churubusco, incluyendo el Domo Acu\u00e1tico, adem\u00e1s [&hellip;]<\/p>\n","protected":false},"author":1,"featured_media":118653,"comment_status":"open","ping_status":"open","sticky":true,"template":"","format":"standard","meta":{"footnotes":""},"categories":[6,5],"tags":[],"_links":{"self":[{"href":"https:\/\/diariodigitalmx.com\/index.php\/wp-json\/wp\/v2\/posts\/118651"}],"collection":[{"href":"https:\/\/diariodigitalmx.com\/index.php\/wp-json\/wp\/v2\/posts"}],"about":[{"href":"https:\/\/diariodigitalmx.com\/index.php\/wp-json\/wp\/v2\/types\/post"}],"author":[{"embeddable":true,"href":"https:\/\/diariodigitalmx.com\/index.php\/wp-json\/wp\/v2\/users\/1"}],"replies":[{"embeddable":true,"href":"https:\/\/diariodigitalmx.com\/index.php\/wp-json\/wp\/v2\/comments?post=118651"}],"version-history":[{"count":3,"href":"https:\/\/diariodigitalmx.com\/index.php\/wp-json\/wp\/v2\/posts\/118651\/revisions"}],"predecessor-version":[{"id":118658,"href":"https:\/\/diariodigitalmx.com\/index.php\/wp-json\/wp\/v2\/posts\/118651\/revisions\/118658"}],"wp:featuredmedia":[{"embeddable":true,"href":"https:\/\/diariodigitalmx.com\/index.php\/wp-json\/wp\/v2\/media\/118653"}],"wp:attachment":[{"href":"https:\/\/diariodigitalmx.com\/index.php\/wp-json\/wp\/v2\/media?parent=118651"}],"wp:term":[{"taxonomy":"category","embeddable":true,"href":"https:\/\/diariodigitalmx.com\/index.php\/wp-json\/wp\/v2\/categories?post=118651"},{"taxonomy":"post_tag","embeddable":true,"href":"https:\/\/diariodigitalmx.com\/index.php\/wp-json\/wp\/v2\/tags?post=118651"}],"curies":[{"name":"wp","href":"https:\/\/api.w.org\/{rel}","templated":true}]}}