{"id":118659,"date":"2024-05-08T20:00:15","date_gmt":"2024-05-09T01:00:15","guid":{"rendered":"https:\/\/diariodigitalmx.com\/?p=118659"},"modified":"2024-05-08T20:08:05","modified_gmt":"2024-05-09T01:08:05","slug":"118659","status":"publish","type":"post","link":"https:\/\/diariodigitalmx.com\/index.php\/2024\/05\/08\/118659\/","title":{"rendered":"En El Barrio, Arte e Historia"},"content":{"rendered":"\n<p><strong> Surge una naci\u00f3n, surge Nuevo Le\u00f3n<\/strong>, un programa que permitir\u00e1 conocer por qu\u00e9 este a\u00f1o ha sido especialmente importante para la historia nuevoleonesa, y que se transmitir\u00e1 el jueves 9 de mayo a las 20:00 horas por Facebook de 3 Museos.<\/p>\n\n\n\n<p>Adem\u00e1s, este ser\u00e1 el programa 25 de la serie realizada por la productora Alas 22 y 3 Museos, cuyo objetivo es promover la cultura y a los artistas residentes en Nuevo Le\u00f3n, as\u00ed como las historias de sus barrios, sus lugares emblem\u00e1ticos y su gente, brindando a los espectadores una experiencia excepcional, mezcla de entretenimiento y nostalgia.<\/p>\n\n\n\n<p>En esta emisi\u00f3n, su conductora Dolores Mart\u00ednez presenta dos formas de abordar la conmemoraci\u00f3n de los 200 A\u00f1os de la Creaci\u00f3n del Estado Libre y Soberano de Nuevo Le\u00f3n: mediante la exposici\u00f3n,<a> <strong>Constituci\u00f3n y ciudadan\u00eda<\/strong><\/a><strong>. Nuevo Le\u00f3n 200 a\u00f1os<\/strong>, una exhibici\u00f3n que ilustra dos siglos de historia jur\u00eddica, pol\u00edtica, econ\u00f3mica y cultural que han protagonizado las y los nuevoleoneses.<\/p>\n\n\n\n<p>Para dar a conocer la belleza e importancia de dicha exposici\u00f3n, la historiadora de 3 Museos, Gabriela S\u00e1nchez, encabeza un recorrido resaltando los momentos clave de la vida independiente, as\u00ed como algunos de los objetos que por primera vez se exhiben en el museo y que cuentan la historia de las luchas ciudadanas.<\/p>\n\n\n\n<p>Adicionalmente, Dolores Mart\u00ednez visita al Dr. C\u00e9sar Morado Mac\u00edas, reconocido historiador, en las instalaciones del Centro de Estudios Human\u00edsticos de la Universidad Aut\u00f3noma de Nuevo Le\u00f3n, ubicado en la Biblioteca Magna \u201cRa\u00fal Rangel Fr\u00edas\u201d, donde explica claramente c\u00f3mo es que M\u00e9xico nace como naci\u00f3n en 1824, y c\u00f3mo Nuevo Le\u00f3n y los estados se constituyen como entidades independientes con sus propias constituciones fortaleciendo el esp\u00edritu federalista.<\/p>\n\n\n\n<p>De visita en la Biblioteca Magna universitaria, Dolores recorrer\u00e1 el espacio y compartir\u00e1 con su p\u00fablico las colecciones bibliogr\u00e1ficas que ah\u00ed se encuentran, como la del reconocido acad\u00e9mico, periodista y diplom\u00e1tico mexicano, Agust\u00edn Basave.<\/p>\n\n\n\n<p>El Dr. C\u00e9sar Morado, ha sido presidente de la Sociedad Nuevoleonesa de Historia. Es miembro de <em>American Historical Association<\/em> con sede en Washington. Desde 2019 es Corresponsal Nacional en Nuevo Le\u00f3n de la Academia Mexicana de la Historia.<\/p>\n\n\n\n<p><strong>El Barrio, Arte e Historia. Surge una naci\u00f3n, surge Nuevo Le\u00f3n<\/strong>, un programa especial que llega a su cap\u00edtulo 25 ser\u00e1 transmitido el jueves 9 de mayo a las 20:00 horas en la p\u00e1gina de Facebook de 3 Museos.<\/p>\n","protected":false},"excerpt":{"rendered":"<p>Surge una naci\u00f3n, surge Nuevo Le\u00f3n, un programa que permitir\u00e1 conocer por qu\u00e9 este a\u00f1o ha sido especialmente importante para la historia nuevoleonesa, y que se transmitir\u00e1 el jueves 9 de mayo a las 20:00 horas por Facebook de 3 Museos. Adem\u00e1s, este ser\u00e1 el programa 25 de la serie realizada por la productora Alas [&hellip;]<\/p>\n","protected":false},"author":1,"featured_media":118662,"comment_status":"open","ping_status":"open","sticky":true,"template":"","format":"standard","meta":{"footnotes":""},"categories":[11,14],"tags":[],"_links":{"self":[{"href":"https:\/\/diariodigitalmx.com\/index.php\/wp-json\/wp\/v2\/posts\/118659"}],"collection":[{"href":"https:\/\/diariodigitalmx.com\/index.php\/wp-json\/wp\/v2\/posts"}],"about":[{"href":"https:\/\/diariodigitalmx.com\/index.php\/wp-json\/wp\/v2\/types\/post"}],"author":[{"embeddable":true,"href":"https:\/\/diariodigitalmx.com\/index.php\/wp-json\/wp\/v2\/users\/1"}],"replies":[{"embeddable":true,"href":"https:\/\/diariodigitalmx.com\/index.php\/wp-json\/wp\/v2\/comments?post=118659"}],"version-history":[{"count":2,"href":"https:\/\/diariodigitalmx.com\/index.php\/wp-json\/wp\/v2\/posts\/118659\/revisions"}],"predecessor-version":[{"id":118661,"href":"https:\/\/diariodigitalmx.com\/index.php\/wp-json\/wp\/v2\/posts\/118659\/revisions\/118661"}],"wp:featuredmedia":[{"embeddable":true,"href":"https:\/\/diariodigitalmx.com\/index.php\/wp-json\/wp\/v2\/media\/118662"}],"wp:attachment":[{"href":"https:\/\/diariodigitalmx.com\/index.php\/wp-json\/wp\/v2\/media?parent=118659"}],"wp:term":[{"taxonomy":"category","embeddable":true,"href":"https:\/\/diariodigitalmx.com\/index.php\/wp-json\/wp\/v2\/categories?post=118659"},{"taxonomy":"post_tag","embeddable":true,"href":"https:\/\/diariodigitalmx.com\/index.php\/wp-json\/wp\/v2\/tags?post=118659"}],"curies":[{"name":"wp","href":"https:\/\/api.w.org\/{rel}","templated":true}]}}