{"id":118663,"date":"2024-05-08T23:45:13","date_gmt":"2024-05-09T04:45:13","guid":{"rendered":"https:\/\/diariodigitalmx.com\/?p=118663"},"modified":"2024-05-08T23:47:23","modified_gmt":"2024-05-09T04:47:23","slug":"recorre-mijes-colonias-de-escobedo-para-explicar-propuestas-a-vecinos","status":"publish","type":"post","link":"https:\/\/diariodigitalmx.com\/index.php\/2024\/05\/08\/recorre-mijes-colonias-de-escobedo-para-explicar-propuestas-a-vecinos\/","title":{"rendered":"Recorre Mijes colonias de Escobedo para explicar propuestas a vecinos"},"content":{"rendered":"\n<p>El Candidato de la coalici\u00f3n \u201cSigamos Haciendo Historia\u201d, Andr\u00e9s Mijes sigue recorriendo las calles de la Ciudad para dialogar con los vecinos y explicarles sus propuestas para continuar con la transformaci\u00f3n de Escobedo.<\/p>\n\n\n\n<p>Este mi\u00e9rcoles, cuando el term\u00f3metro marcaba los 40 grados cent\u00edgrados, Mijes visit\u00f3 las colonias Fomerrey 9 y San Genaro, y en d\u00edas anteriores recorri\u00f3 los sectores Pedregal del Topo Chico, San Marcos, Monterreal, Celestino Gasca, Valles de San Francisco y Serran\u00edas, por mencionar algunas.<\/p>\n\n\n\n<figure class=\"wp-block-image size-large\"><img loading=\"lazy\" decoding=\"async\" width=\"1024\" height=\"642\" src=\"https:\/\/diariodigitalmx.com\/wp-content\/uploads\/2024\/05\/IMG_96631-1024x642.jpg\" alt=\"\" class=\"wp-image-118667\" srcset=\"https:\/\/diariodigitalmx.com\/wp-content\/uploads\/2024\/05\/IMG_96631-1024x642.jpg 1024w, https:\/\/diariodigitalmx.com\/wp-content\/uploads\/2024\/05\/IMG_96631-300x188.jpg 300w, https:\/\/diariodigitalmx.com\/wp-content\/uploads\/2024\/05\/IMG_96631-768x481.jpg 768w, https:\/\/diariodigitalmx.com\/wp-content\/uploads\/2024\/05\/IMG_96631-1536x963.jpg 1536w, https:\/\/diariodigitalmx.com\/wp-content\/uploads\/2024\/05\/IMG_96631-2048x1284.jpg 2048w\" sizes=\"(max-width: 1024px) 100vw, 1024px\" \/><\/figure>\n\n\n\n<p>En los citados sectores, el Candidato detall\u00f3 a los padres de familia sus ejes \u201cCiudad de Paz\u201d, el cual incluye estrategias en seguridad para Blindar Escobedo e incluir tecnolog\u00eda de \u00faltima generaci\u00f3n con drones equipados con c\u00e1maras para detectar delincuentes en la oscuridad; \u201cCiudad Sustentable\u201d que incluye la plantaci\u00f3n de 20 mil \u00e1rboles y la creaci\u00f3n de \u201cPulmones Urbanos\u201d, la regeneraci\u00f3n de parques lineales y Plazas Rosas, entre otros.<\/p>\n\n\n\n<p>Otros de los ejes son \u201cMovilidad\u201d, Ciudad de Trabajo\u201d y \u201cCiudad de Servicios\u201d, este \u00faltimo enfocado a descentralizar los servicios p\u00fablicos y de atenci\u00f3n a ciudadanos en la zona centro, oriente y norponiente de Escobedo.<\/p>\n\n\n\n<figure class=\"wp-block-image size-large\"><img loading=\"lazy\" decoding=\"async\" width=\"1024\" height=\"682\" src=\"https:\/\/diariodigitalmx.com\/wp-content\/uploads\/2024\/05\/IMG_7749-1024x682.jpg\" alt=\"\" class=\"wp-image-118669\" srcset=\"https:\/\/diariodigitalmx.com\/wp-content\/uploads\/2024\/05\/IMG_7749-1024x682.jpg 1024w, https:\/\/diariodigitalmx.com\/wp-content\/uploads\/2024\/05\/IMG_7749-300x200.jpg 300w, https:\/\/diariodigitalmx.com\/wp-content\/uploads\/2024\/05\/IMG_7749-768x512.jpg 768w, https:\/\/diariodigitalmx.com\/wp-content\/uploads\/2024\/05\/IMG_7749-1536x1023.jpg 1536w, https:\/\/diariodigitalmx.com\/wp-content\/uploads\/2024\/05\/IMG_7749-2048x1364.jpg 2048w\" sizes=\"(max-width: 1024px) 100vw, 1024px\" \/><\/figure>\n\n\n\n<p>\u201cVamos a continuar transformando Escobedo, daremos continuidad a los programas que han logrado generar un cambio positivo en las comunidades, adem\u00e1s vamos a trabajar para implementar otros proyectos que nos ayudar\u00e1n a brindarles a todos los escobendeses una mejor calidad de vida\u201d, expres\u00f3.<\/p>\n\n\n\n<p>Mijes explic\u00f3 a los vecinos proyectos enfocados a mejorar la vialidad con la rehabilitaci\u00f3n de avenidas como Ju\u00e1rez y Ra\u00fal Salinas.<\/p>\n\n\n\n<p>Mijes seguir\u00e1 visitando las colonias de Escobedo para seguir llevando su proyecto y enriquecerlo con las propuestas que le haga la ciudadan\u00eda.<\/p>\n","protected":false},"excerpt":{"rendered":"<p>El Candidato de la coalici\u00f3n \u201cSigamos Haciendo Historia\u201d, Andr\u00e9s Mijes sigue recorriendo las calles de la Ciudad para dialogar con los vecinos y explicarles sus propuestas para continuar con la transformaci\u00f3n de Escobedo. Este mi\u00e9rcoles, cuando el term\u00f3metro marcaba los 40 grados cent\u00edgrados, Mijes visit\u00f3 las colonias Fomerrey 9 y San Genaro, y en d\u00edas [&hellip;]<\/p>\n","protected":false},"author":1,"featured_media":118665,"comment_status":"open","ping_status":"open","sticky":true,"template":"","format":"standard","meta":{"footnotes":""},"categories":[14,6],"tags":[],"_links":{"self":[{"href":"https:\/\/diariodigitalmx.com\/index.php\/wp-json\/wp\/v2\/posts\/118663"}],"collection":[{"href":"https:\/\/diariodigitalmx.com\/index.php\/wp-json\/wp\/v2\/posts"}],"about":[{"href":"https:\/\/diariodigitalmx.com\/index.php\/wp-json\/wp\/v2\/types\/post"}],"author":[{"embeddable":true,"href":"https:\/\/diariodigitalmx.com\/index.php\/wp-json\/wp\/v2\/users\/1"}],"replies":[{"embeddable":true,"href":"https:\/\/diariodigitalmx.com\/index.php\/wp-json\/wp\/v2\/comments?post=118663"}],"version-history":[{"count":3,"href":"https:\/\/diariodigitalmx.com\/index.php\/wp-json\/wp\/v2\/posts\/118663\/revisions"}],"predecessor-version":[{"id":118670,"href":"https:\/\/diariodigitalmx.com\/index.php\/wp-json\/wp\/v2\/posts\/118663\/revisions\/118670"}],"wp:featuredmedia":[{"embeddable":true,"href":"https:\/\/diariodigitalmx.com\/index.php\/wp-json\/wp\/v2\/media\/118665"}],"wp:attachment":[{"href":"https:\/\/diariodigitalmx.com\/index.php\/wp-json\/wp\/v2\/media?parent=118663"}],"wp:term":[{"taxonomy":"category","embeddable":true,"href":"https:\/\/diariodigitalmx.com\/index.php\/wp-json\/wp\/v2\/categories?post=118663"},{"taxonomy":"post_tag","embeddable":true,"href":"https:\/\/diariodigitalmx.com\/index.php\/wp-json\/wp\/v2\/tags?post=118663"}],"curies":[{"name":"wp","href":"https:\/\/api.w.org\/{rel}","templated":true}]}}