{"id":118706,"date":"2024-05-09T09:27:48","date_gmt":"2024-05-09T14:27:48","guid":{"rendered":"https:\/\/diariodigitalmx.com\/?p=118706"},"modified":"2024-05-09T09:28:31","modified_gmt":"2024-05-09T14:28:31","slug":"los-gastos-de-las-campanas","status":"publish","type":"post","link":"https:\/\/diariodigitalmx.com\/index.php\/2024\/05\/09\/los-gastos-de-las-campanas\/","title":{"rendered":"Los gastos de las campa\u00f1as"},"content":{"rendered":"\n<p><br>Ra\u00fal Guajardo Cant\u00fa<br>Ahora que Morena pidi\u00f3 al Instituto Nacional Electoral que contabilizara como gasto la manifestaci\u00f3n convocada por la llamada \u201cmarea rosa\u201d a la cual asistir\u00e1n X\u00f3chitl G\u00e1lvez y Santiago Taboada, por considerar que, pese a que fue convocada por organizaciones de la sociedad civil, ser\u00e1 un acto proselitista de campa\u00f1a y como tal deber\u00eda contabilizarse el gasto que ah\u00ed se realice, ser\u00eda bueno reflexionar c\u00f3mo es que se contabilizan los actos de campa\u00f1a y si el instituto electoral cuenta con los medios para realizar dicha contabilidad.<br>Porque seguramente si usted ha salido a las calles del \u00e1rea metropolitana de Monterrey se habr\u00e1 dado cuenta de que en muchos puntos de la urbe se encuentran grupos de j\u00f3venes y no tan j\u00f3venes ondeando banderas de uno y otro partido o coalici\u00f3n y solicitando permiso para colocar propaganda del candidato que promueven.<br>Deber\u00edamos como ciudadanos saber si se contabiliza un salario para esos j\u00f3venes o se considera como participaci\u00f3n voluntaria, como si fueran simpatizantes o militantes de un partido pol\u00edtico, porque a lo largo y ancho del \u00e1rea metropolitana seguramente se cuentan por miles estas personas, algunas de las cuales recorren casa por casa colonias enteras promoviendo a los candidatos de los partidos que representan, regalando utilitarios o solicitando permiso para colocar mantas o espectaculares con la imagen de su candidato.<br>Sobresalen entre todos ellos los contingentes naranja de Monterrey de los cuales en un breve recorrido por la ciudad podemos se\u00f1alar la presencia de cientos de personas realizando la promoci\u00f3n de la candidata a la alcald\u00eda por ese partido.<br>Seg\u00fan el INE, y sus hom\u00f3logos locales, cuando se realiza alg\u00fan evento, adem\u00e1s de los documentos de comprobaci\u00f3n que los partidos tienen que presentar para justificar y cuantificar los gastos en que incurre, el instituto tiene la facultad y obligaci\u00f3n de supervisar en el lugar del evento con inspectores que cuantifican lo ah\u00ed utilizado, desde un bote de agua, banderines, folletos o sillas, equipos de sonido y dem\u00e1s. Nos preguntamos si existe en los institutos electorales locales el personal necesario para esta tarea, porque si no lo hay, resulta incre\u00edble que se pueda tener un control de gastos en este tipo de eventos.<br>Los ciudadanos estamos siendo testigos de un derroche por parte de los partidos, que a simple vista pareciera ir mucho m\u00e1s all\u00e1 de los gastos de campa\u00f1a autorizados.<br>Ojal\u00e1 as\u00ed como son publicitadas muchas cosas dentro de los procesos electorales, lo sean tambi\u00e9n las formas en que se fiscalizan los gastos de los partidos y se aplique la ley a quienes rebasen estos l\u00edmites con castigos que realmente permitan inhibir estas pr\u00e1cticas.<br>Como sabemos por lo que sucede en otros \u00e1mbitos de la sociedad, la impunidad en la que queda la gran mayor\u00eda de los delitos de toda \u00edndole, hace que la prevenci\u00f3n de ellos sea pr\u00e1cticamente imposible, ya que el riesgo de ser castigado es m\u00ednimo.<br>Lo mismo, creemos, sucede en el \u00e1mbito electoral, en el cual los derroches, a la vista de todos, parecen pasar desapercibidos, tanto como el origen de los recursos. Esperemos que los ciudadanos seamos informados de d\u00f3nde salen tales recursos y efectivamente c\u00f3mo se gastan y que los organismos electorales cuenten con la capacidad para realizar la tarea, pese a los recortes que han sufrido sobre todo este a\u00f1o electoral.<\/p>\n","protected":false},"excerpt":{"rendered":"<p>Ra\u00fal Guajardo Cant\u00faAhora que Morena pidi\u00f3 al Instituto Nacional Electoral que contabilizara como gasto la manifestaci\u00f3n convocada por la llamada \u201cmarea rosa\u201d a la cual asistir\u00e1n X\u00f3chitl G\u00e1lvez y Santiago Taboada, por considerar que, pese a que fue convocada por organizaciones de la sociedad civil, ser\u00e1 un acto proselitista de campa\u00f1a y como tal deber\u00eda [&hellip;]<\/p>\n","protected":false},"author":1,"featured_media":118708,"comment_status":"open","ping_status":"open","sticky":true,"template":"","format":"standard","meta":{"footnotes":""},"categories":[12,5],"tags":[],"_links":{"self":[{"href":"https:\/\/diariodigitalmx.com\/index.php\/wp-json\/wp\/v2\/posts\/118706"}],"collection":[{"href":"https:\/\/diariodigitalmx.com\/index.php\/wp-json\/wp\/v2\/posts"}],"about":[{"href":"https:\/\/diariodigitalmx.com\/index.php\/wp-json\/wp\/v2\/types\/post"}],"author":[{"embeddable":true,"href":"https:\/\/diariodigitalmx.com\/index.php\/wp-json\/wp\/v2\/users\/1"}],"replies":[{"embeddable":true,"href":"https:\/\/diariodigitalmx.com\/index.php\/wp-json\/wp\/v2\/comments?post=118706"}],"version-history":[{"count":1,"href":"https:\/\/diariodigitalmx.com\/index.php\/wp-json\/wp\/v2\/posts\/118706\/revisions"}],"predecessor-version":[{"id":118707,"href":"https:\/\/diariodigitalmx.com\/index.php\/wp-json\/wp\/v2\/posts\/118706\/revisions\/118707"}],"wp:featuredmedia":[{"embeddable":true,"href":"https:\/\/diariodigitalmx.com\/index.php\/wp-json\/wp\/v2\/media\/118708"}],"wp:attachment":[{"href":"https:\/\/diariodigitalmx.com\/index.php\/wp-json\/wp\/v2\/media?parent=118706"}],"wp:term":[{"taxonomy":"category","embeddable":true,"href":"https:\/\/diariodigitalmx.com\/index.php\/wp-json\/wp\/v2\/categories?post=118706"},{"taxonomy":"post_tag","embeddable":true,"href":"https:\/\/diariodigitalmx.com\/index.php\/wp-json\/wp\/v2\/tags?post=118706"}],"curies":[{"name":"wp","href":"https:\/\/api.w.org\/{rel}","templated":true}]}}