{"id":118715,"date":"2024-05-09T13:17:13","date_gmt":"2024-05-09T18:17:13","guid":{"rendered":"https:\/\/diariodigitalmx.com\/?p=118715"},"modified":"2024-05-09T13:19:58","modified_gmt":"2024-05-09T18:19:58","slug":"la-importancia-del-branding-en-el-emprendimiento","status":"publish","type":"post","link":"https:\/\/diariodigitalmx.com\/index.php\/2024\/05\/09\/la-importancia-del-branding-en-el-emprendimiento\/","title":{"rendered":"La importancia del branding en el emprendimiento"},"content":{"rendered":"\n<p>Qubits<br>Ver\u00f3nica Valencia<\/p>\n\n\n\n<p>El reto de todo negocio es lograr que los consumidores adquieran sus productos y servicios y por supuesto que lo recuerde todo el tiempo.<br>Y es que la reputaci\u00f3n de una marca es muy importante porque forma parte de la confianza del consumidor, la lealtad del cliente y la diferenciaci\u00f3n en un mercado competitivo; adem\u00e1s puede ser una buena herramienta contra crisis medi\u00e1ticas.<br>Entonces cuando nos aventuramos a tener un negocio es muy importante que definamos el nombre. En mercadotecnia hay una herramienta que se conoce como branding y se refiere a la estrategia de crear una identidad y personalidad para una empresa que conecte con su audiencia.<\/p>\n\n\n\n<figure class=\"wp-block-image size-large\"><img loading=\"lazy\" decoding=\"async\" width=\"1024\" height=\"640\" src=\"https:\/\/diariodigitalmx.com\/wp-content\/uploads\/2024\/05\/IMG-20240508-WA0045-1024x640.jpg\" alt=\"\" class=\"wp-image-118718\" srcset=\"https:\/\/diariodigitalmx.com\/wp-content\/uploads\/2024\/05\/IMG-20240508-WA0045-1024x640.jpg 1024w, https:\/\/diariodigitalmx.com\/wp-content\/uploads\/2024\/05\/IMG-20240508-WA0045-300x188.jpg 300w, https:\/\/diariodigitalmx.com\/wp-content\/uploads\/2024\/05\/IMG-20240508-WA0045-768x480.jpg 768w, https:\/\/diariodigitalmx.com\/wp-content\/uploads\/2024\/05\/IMG-20240508-WA0045.jpg 1280w\" sizes=\"(max-width: 1024px) 100vw, 1024px\" \/><\/figure>\n\n\n\n<p><br>Pero no s\u00f3lo se trata de crear o dise\u00f1ar un logotipo con su respectiva paleta de colores; el nombre va m\u00e1s all\u00e1 y tiene que ir asociado a los valores, la misi\u00f3n y visi\u00f3n que el negocio quiere ofrecer, pues todo eso influir\u00e1 en la conexi\u00f3n emocional que el cliente tenga con la marca.<br>En Vaes Comunicaci\u00f3n con frecuencia nos preguntan los emprendedores \u00bfqu\u00e9 me conviene m\u00e1s mi marca personal o un nombre comercial?<br>Y la respuesta es todo depende de las metas y objetivos que tengan para su negocio. Una marca de empresa proporciona credibilidad y autenticidad, mientras que una marca personal puede ayudarles a destacar entre sus competidores.<br>Tambi\u00e9n depende mucho del giro o la industria a la que pertenezca el negocio, por ejemplo los creativos se inclinan m\u00e1s por el desarrollo de la marca personal, pues \u00e9sta genera una conexi\u00f3n directa con los clientes y la experiencia que ya tenga el individuo generar\u00e1 una buena reputaci\u00f3n.<br>Por otra parte, un nombre comercial es ideal puede ser m\u00e1s adecuado para empresas que buscan proyectar una imagen profesional y establecer una identidad separada de sus fundadores y puede crecer y diversificarse sin depender exclusivamente de la reputaci\u00f3n de una persona.<br>Por ejemplo si Lalo Hern\u00e1ndez ofrece servicios de reparaci\u00f3n de puertas y ventanas, pero luego suma una carpinter\u00eda, dif\u00edcilmente lograr\u00e1 una conexi\u00f3n con los clientes pues no quedar\u00e1 claro que tanta experiencia tiene en uno u otro, porque todo est\u00e1 ligado a \u00e9 como individuo, pero si \u00e9l tiene un nombre comercial, por ejemplo Soluciones para el hogar, podr\u00e1 ofrecer productos y servicios relacionados con el hogar.<br>En conclusi\u00f3n, la decisi\u00f3n entre marca personal y nombre comercial en el dise\u00f1o de la identidad corporativa se basa en comprender la naturaleza de su negocio, sus objetivos a largo plazo y su audiencia objetivo. Si la empresa se basa en la experiencia y la reputaci\u00f3n personal del fundador, una marca personal puede ser la opci\u00f3n m\u00e1s adecuada. Sin embargo, si el objetivo es construir una empresa que trascienda a las personas individuales y pueda crecer de manera escalable, un nombre comercial puede ser la mejor opci\u00f3n.<br>Sin embargo, en cualquiera de los dos casos el dise\u00f1o de la marca debe ser aut\u00e9ntico, coherente y memorable. Es el cimiento sobre el cual se construye toda la estrategia de marketing y la reputaci\u00f3n de la empresa.<\/p>\n\n\n\n<p>Todos los comentarios son bienvenidos a veronica@vaes.com.mx<br>Nos leemos, la pr\u00f3xima vez. Hasta entonces.<br>*VER\u00d3NICA VALENCIA G\u00d3MEZ es divulgadora y consultora de comunicaci\u00f3n y mercadotecnia en Vaes Comunicaci\u00f3n. Tambi\u00e9n es periodista especializada en Tecnolog\u00edas de la Informaci\u00f3n, cuenta con una maestr\u00eda en marketing digital y certificaci\u00f3n como instructora capacitadora on line y offline.<\/p>\n","protected":false},"excerpt":{"rendered":"<p>QubitsVer\u00f3nica Valencia El reto de todo negocio es lograr que los consumidores adquieran sus productos y servicios y por supuesto que lo recuerde todo el tiempo.Y es que la reputaci\u00f3n de una marca es muy importante porque forma parte de la confianza del consumidor, la lealtad del cliente y la diferenciaci\u00f3n en un mercado competitivo; [&hellip;]<\/p>\n","protected":false},"author":1,"featured_media":118717,"comment_status":"open","ping_status":"open","sticky":true,"template":"","format":"standard","meta":{"footnotes":""},"categories":[14,10],"tags":[],"_links":{"self":[{"href":"https:\/\/diariodigitalmx.com\/index.php\/wp-json\/wp\/v2\/posts\/118715"}],"collection":[{"href":"https:\/\/diariodigitalmx.com\/index.php\/wp-json\/wp\/v2\/posts"}],"about":[{"href":"https:\/\/diariodigitalmx.com\/index.php\/wp-json\/wp\/v2\/types\/post"}],"author":[{"embeddable":true,"href":"https:\/\/diariodigitalmx.com\/index.php\/wp-json\/wp\/v2\/users\/1"}],"replies":[{"embeddable":true,"href":"https:\/\/diariodigitalmx.com\/index.php\/wp-json\/wp\/v2\/comments?post=118715"}],"version-history":[{"count":2,"href":"https:\/\/diariodigitalmx.com\/index.php\/wp-json\/wp\/v2\/posts\/118715\/revisions"}],"predecessor-version":[{"id":118719,"href":"https:\/\/diariodigitalmx.com\/index.php\/wp-json\/wp\/v2\/posts\/118715\/revisions\/118719"}],"wp:featuredmedia":[{"embeddable":true,"href":"https:\/\/diariodigitalmx.com\/index.php\/wp-json\/wp\/v2\/media\/118717"}],"wp:attachment":[{"href":"https:\/\/diariodigitalmx.com\/index.php\/wp-json\/wp\/v2\/media?parent=118715"}],"wp:term":[{"taxonomy":"category","embeddable":true,"href":"https:\/\/diariodigitalmx.com\/index.php\/wp-json\/wp\/v2\/categories?post=118715"},{"taxonomy":"post_tag","embeddable":true,"href":"https:\/\/diariodigitalmx.com\/index.php\/wp-json\/wp\/v2\/tags?post=118715"}],"curies":[{"name":"wp","href":"https:\/\/api.w.org\/{rel}","templated":true}]}}