{"id":118741,"date":"2024-05-09T15:36:44","date_gmt":"2024-05-09T20:36:44","guid":{"rendered":"https:\/\/diariodigitalmx.com\/?p=118741"},"modified":"2024-05-09T15:38:29","modified_gmt":"2024-05-09T20:38:29","slug":"impulsara-mijes-desarrollo-de-la-mujer","status":"publish","type":"post","link":"https:\/\/diariodigitalmx.com\/index.php\/2024\/05\/09\/impulsara-mijes-desarrollo-de-la-mujer\/","title":{"rendered":"Impulsar\u00e1 Mijes desarrollo de la mujer"},"content":{"rendered":"\n<p>Andr\u00e9s Mijes dijo que al ganar las elecciones el pr\u00f3ximo dos de junio fortalecer\u00e1 las pol\u00edticas p\u00fablicas enfocadas a reducir la brecha de desigualdad y empoderar a la mujer.<\/p>\n\n\n\n<p>El Candidato de la coalici\u00f3n \u201cSigamos Haciendo Historia\u201d, se\u00f1al\u00f3 que impulsar\u00e1 el desarrollo integral de las mujeres con programas que fomentar\u00e1n oportunidades laborales, adem\u00e1s de habilitar guarder\u00edas y espacios de atenci\u00f3n especializada para ellas.<\/p>\n\n\n\n<figure class=\"wp-block-image size-large\"><img loading=\"lazy\" decoding=\"async\" width=\"1024\" height=\"727\" src=\"https:\/\/diariodigitalmx.com\/wp-content\/uploads\/2024\/05\/IMG_9202-1024x727.jpg\" alt=\"\" class=\"wp-image-118745\" srcset=\"https:\/\/diariodigitalmx.com\/wp-content\/uploads\/2024\/05\/IMG_9202-1024x727.jpg 1024w, https:\/\/diariodigitalmx.com\/wp-content\/uploads\/2024\/05\/IMG_9202-300x213.jpg 300w, https:\/\/diariodigitalmx.com\/wp-content\/uploads\/2024\/05\/IMG_9202-768x545.jpg 768w, https:\/\/diariodigitalmx.com\/wp-content\/uploads\/2024\/05\/IMG_9202-1536x1091.jpg 1536w, https:\/\/diariodigitalmx.com\/wp-content\/uploads\/2024\/05\/IMG_9202-2048x1455.jpg 2048w\" sizes=\"(max-width: 1024px) 100vw, 1024px\" \/><\/figure>\n\n\n\n<p>\u201cTodas nuestras pol\u00edticas est\u00e1n enfocadas a reducir la brecha de desigualdad y a empoderar a todas nuestras mujeres, a nuestras madres de familia, a nuestras j\u00f3venes, a nuestras ni\u00f1as, a todas, para que puedan tener un futuro mejor\u201d, expres\u00f3.<\/p>\n\n\n\n<p>Mijes dio a conocer que impulsar\u00e1 un programa municipal de Guarder\u00edas P\u00fablicas para que puedan dejar a sus hijos en un espacio seguro mientras salen a trabajar o estudiar.<\/p>\n\n\n\n<figure class=\"wp-block-image size-large\"><img loading=\"lazy\" decoding=\"async\" width=\"1024\" height=\"641\" src=\"https:\/\/diariodigitalmx.com\/wp-content\/uploads\/2024\/05\/IMG_9222-1024x641.jpg\" alt=\"\" class=\"wp-image-118746\" srcset=\"https:\/\/diariodigitalmx.com\/wp-content\/uploads\/2024\/05\/IMG_9222-1024x641.jpg 1024w, https:\/\/diariodigitalmx.com\/wp-content\/uploads\/2024\/05\/IMG_9222-300x188.jpg 300w, https:\/\/diariodigitalmx.com\/wp-content\/uploads\/2024\/05\/IMG_9222-768x480.jpg 768w, https:\/\/diariodigitalmx.com\/wp-content\/uploads\/2024\/05\/IMG_9222-1536x961.jpg 1536w, https:\/\/diariodigitalmx.com\/wp-content\/uploads\/2024\/05\/IMG_9222-2048x1281.jpg 2048w\" sizes=\"(max-width: 1024px) 100vw, 1024px\" \/><\/figure>\n\n\n\n<p>Agreg\u00f3 que desarrollar\u00e1 las \u201cPlazas Rosas\u201d, espacios donde las mujeres podr\u00e1n acceder a servicios de salud, terapias, talleres deportivos, cursos para emprender un negocio, lactarios, todo en un mismo lugar.<\/p>\n\n\n\n<p>\u201cNosotros seguiremos trabajando para impulsar m\u00e1s espacios para su sano esparcimiento, lugares seguros donde las mujeres puedan aprender un oficio y as\u00ed emprender su negocio, todo para su beneficio\u201d, expres\u00f3 el Candidato.<\/p>\n\n\n\n<p>Adem\u00e1s, otro de los compromisos dijo Mijes, es reforzar la \u201cCasa Rosa\u201d con la finalidad de seguir fomentando la cultura de la prevenci\u00f3n y la atenci\u00f3n oportuna del c\u00e1ncer de mama.<\/p>\n","protected":false},"excerpt":{"rendered":"<p>Andr\u00e9s Mijes dijo que al ganar las elecciones el pr\u00f3ximo dos de junio fortalecer\u00e1 las pol\u00edticas p\u00fablicas enfocadas a reducir la brecha de desigualdad y empoderar a la mujer. El Candidato de la coalici\u00f3n \u201cSigamos Haciendo Historia\u201d, se\u00f1al\u00f3 que impulsar\u00e1 el desarrollo integral de las mujeres con programas que fomentar\u00e1n oportunidades laborales, adem\u00e1s de habilitar [&hellip;]<\/p>\n","protected":false},"author":1,"featured_media":118743,"comment_status":"open","ping_status":"open","sticky":true,"template":"","format":"standard","meta":{"footnotes":""},"categories":[6,5],"tags":[],"_links":{"self":[{"href":"https:\/\/diariodigitalmx.com\/index.php\/wp-json\/wp\/v2\/posts\/118741"}],"collection":[{"href":"https:\/\/diariodigitalmx.com\/index.php\/wp-json\/wp\/v2\/posts"}],"about":[{"href":"https:\/\/diariodigitalmx.com\/index.php\/wp-json\/wp\/v2\/types\/post"}],"author":[{"embeddable":true,"href":"https:\/\/diariodigitalmx.com\/index.php\/wp-json\/wp\/v2\/users\/1"}],"replies":[{"embeddable":true,"href":"https:\/\/diariodigitalmx.com\/index.php\/wp-json\/wp\/v2\/comments?post=118741"}],"version-history":[{"count":2,"href":"https:\/\/diariodigitalmx.com\/index.php\/wp-json\/wp\/v2\/posts\/118741\/revisions"}],"predecessor-version":[{"id":118747,"href":"https:\/\/diariodigitalmx.com\/index.php\/wp-json\/wp\/v2\/posts\/118741\/revisions\/118747"}],"wp:featuredmedia":[{"embeddable":true,"href":"https:\/\/diariodigitalmx.com\/index.php\/wp-json\/wp\/v2\/media\/118743"}],"wp:attachment":[{"href":"https:\/\/diariodigitalmx.com\/index.php\/wp-json\/wp\/v2\/media?parent=118741"}],"wp:term":[{"taxonomy":"category","embeddable":true,"href":"https:\/\/diariodigitalmx.com\/index.php\/wp-json\/wp\/v2\/categories?post=118741"},{"taxonomy":"post_tag","embeddable":true,"href":"https:\/\/diariodigitalmx.com\/index.php\/wp-json\/wp\/v2\/tags?post=118741"}],"curies":[{"name":"wp","href":"https:\/\/api.w.org\/{rel}","templated":true}]}}