{"id":118748,"date":"2024-05-09T16:28:59","date_gmt":"2024-05-09T21:28:59","guid":{"rendered":"https:\/\/diariodigitalmx.com\/?p=118748"},"modified":"2024-05-09T16:31:38","modified_gmt":"2024-05-09T21:31:38","slug":"conozco-los-problemas-de-monterrey-y-se-como-resolverlos-adrian-de-la-garza","status":"publish","type":"post","link":"https:\/\/diariodigitalmx.com\/index.php\/2024\/05\/09\/conozco-los-problemas-de-monterrey-y-se-como-resolverlos-adrian-de-la-garza\/","title":{"rendered":"\u201cConozco los problemas de Monterrey y s\u00e9 c\u00f3mo resolverlos\u201d Adri\u00e1n de la Garza"},"content":{"rendered":"\n<figure class=\"wp-block-image size-large\"><img loading=\"lazy\" decoding=\"async\" width=\"682\" height=\"1024\" src=\"https:\/\/diariodigitalmx.com\/wp-content\/uploads\/2024\/05\/IMG-20240509-WA0105-682x1024.jpg\" alt=\"\" class=\"wp-image-118752\" srcset=\"https:\/\/diariodigitalmx.com\/wp-content\/uploads\/2024\/05\/IMG-20240509-WA0105-682x1024.jpg 682w, https:\/\/diariodigitalmx.com\/wp-content\/uploads\/2024\/05\/IMG-20240509-WA0105-200x300.jpg 200w, https:\/\/diariodigitalmx.com\/wp-content\/uploads\/2024\/05\/IMG-20240509-WA0105-768x1153.jpg 768w, https:\/\/diariodigitalmx.com\/wp-content\/uploads\/2024\/05\/IMG-20240509-WA0105-1023x1536.jpg 1023w, https:\/\/diariodigitalmx.com\/wp-content\/uploads\/2024\/05\/IMG-20240509-WA0105.jpg 1066w\" sizes=\"(max-width: 682px) 100vw, 682px\" \/><\/figure>\n\n\n\n<p><em>Casi mil personas acudieron al di\u00e1logo vecinal que sostuvo en la zona poniente.<\/em><\/p>\n\n\n\n<p>El candidato de la coalici\u00f3n PRI, PAN y PRD a la alcald\u00eda de Monterrey, Adri\u00e1n de la Garza Santos tiene el conocimiento pleno de los problemas de Monterrey y cuenta con una estrategia integral para resolverlo, no s\u00f3lo porque naci\u00f3 y radica en esta ciudad, sino porque ya la ha administrado.<\/p>\n\n\n\n<p>As\u00ed lo se\u00f1al\u00f3 el aspirante durante una reuni\u00f3n con cientos de vecinos del sector de la colonia Linda Vista.<\/p>\n\n\n\n<p>Present\u00f3 ante los asistentes las principales propuestas con las que busca recobrar el rumbo de capital industrial, pujante, trabajadora y que ofrece una excelente calidad de vida con oportunidades para todos, especialmente para los sectores m\u00e1s vulnerables.<\/p>\n\n\n\n<figure class=\"wp-block-image size-large\"><img loading=\"lazy\" decoding=\"async\" width=\"1024\" height=\"681\" src=\"https:\/\/diariodigitalmx.com\/wp-content\/uploads\/2024\/05\/IMG-20240509-WA0104-1024x681.jpg\" alt=\"\" class=\"wp-image-118756\" srcset=\"https:\/\/diariodigitalmx.com\/wp-content\/uploads\/2024\/05\/IMG-20240509-WA0104-1024x681.jpg 1024w, https:\/\/diariodigitalmx.com\/wp-content\/uploads\/2024\/05\/IMG-20240509-WA0104-300x200.jpg 300w, https:\/\/diariodigitalmx.com\/wp-content\/uploads\/2024\/05\/IMG-20240509-WA0104-768x511.jpg 768w, https:\/\/diariodigitalmx.com\/wp-content\/uploads\/2024\/05\/IMG-20240509-WA0104-1536x1021.jpg 1536w, https:\/\/diariodigitalmx.com\/wp-content\/uploads\/2024\/05\/IMG-20240509-WA0104.jpg 1600w\" sizes=\"(max-width: 1024px) 100vw, 1024px\" \/><\/figure>\n\n\n\n<p>Refrend\u00f3 su compromiso de regresar los programas que colocaron a Monterrey como referente a nivel nacional e internacional.<\/p>\n\n\n\n<p>De la Garza Santos pidi\u00f3 a los colonos su confianza, les enumer\u00f3 una serie de necesidades de la comunidad y dijo que, dentro de sus programas para atenderlas, lleva un c\u00e1lculo en tiempos, costos y beneficios de cada uno.<\/p>\n\n\n\n<p>\u201cUstedes me conocen, ya saben que yo trabajo con una debida planeaci\u00f3n, con orden y riesgos calculados\u201d, afirm\u00f3.<\/p>\n\n\n\n<figure class=\"wp-block-image size-large\"><img loading=\"lazy\" decoding=\"async\" width=\"1024\" height=\"681\" src=\"https:\/\/diariodigitalmx.com\/wp-content\/uploads\/2024\/05\/IMG-20240509-WA0106-1024x681.jpg\" alt=\"\" class=\"wp-image-118758\" srcset=\"https:\/\/diariodigitalmx.com\/wp-content\/uploads\/2024\/05\/IMG-20240509-WA0106-1024x681.jpg 1024w, https:\/\/diariodigitalmx.com\/wp-content\/uploads\/2024\/05\/IMG-20240509-WA0106-300x200.jpg 300w, https:\/\/diariodigitalmx.com\/wp-content\/uploads\/2024\/05\/IMG-20240509-WA0106-768x511.jpg 768w, https:\/\/diariodigitalmx.com\/wp-content\/uploads\/2024\/05\/IMG-20240509-WA0106-1536x1021.jpg 1536w, https:\/\/diariodigitalmx.com\/wp-content\/uploads\/2024\/05\/IMG-20240509-WA0106.jpg 1600w\" sizes=\"(max-width: 1024px) 100vw, 1024px\" \/><\/figure>\n\n\n\n<p>Los habitantes de la zona escucharon las propuestas del candidato en materia de seguridad con el proyecto ESCUDO, as\u00ed como sobre contaminaci\u00f3n y medio ambiente, movilidad, servicios p\u00fablicos, programas sociales, y acciones contra la crisis h\u00eddrica que padece Monterrey.<\/p>\n\n\n\n<p>Sobre este \u00faltimo tema record\u00f3 que el gobierno municipal es el \u00fanico de la zona conurbada con participaci\u00f3n en el Consejo de Agua y Drenaje, por lo que, de ganar los comicios, \u00e9l acudir\u00e1 personalmente a las sesiones para que la voz de los regiomontanos sea escuchada.<\/p>\n\n\n\n<p>En este encuentro el abanderado de la alianza \u201cFuerza y coraz\u00f3n por Nuevo Le\u00f3n\u201d exhort\u00f3 a los regiomontanos a salir a votar masivamente debido a que est\u00e1 en juego la democracia del pa\u00eds y el futuro de Monterrey.<\/p>\n\n\n\n<p>De la Garza tambi\u00e9n expuso los programas exitosos que se implementaron durante sus gestiones como alcalde y que retomar\u00e1 de llegar de nuevo a administrar esta capital, como el apoyo a mujeres con la Tarjeta Regia, Vialidades Regias, Transformando Monterrey, y el equipamiento e inversi\u00f3n sin precedente en materia de Seguridad, entre otras acciones.<\/p>\n","protected":false},"excerpt":{"rendered":"<p>Casi mil personas acudieron al di\u00e1logo vecinal que sostuvo en la zona poniente. El candidato de la coalici\u00f3n PRI, PAN y PRD a la alcald\u00eda de Monterrey, Adri\u00e1n de la Garza Santos tiene el conocimiento pleno de los problemas de Monterrey y cuenta con una estrategia integral para resolverlo, no s\u00f3lo porque naci\u00f3 y radica [&hellip;]<\/p>\n","protected":false},"author":1,"featured_media":118750,"comment_status":"open","ping_status":"open","sticky":true,"template":"","format":"standard","meta":{"footnotes":""},"categories":[6,5],"tags":[],"_links":{"self":[{"href":"https:\/\/diariodigitalmx.com\/index.php\/wp-json\/wp\/v2\/posts\/118748"}],"collection":[{"href":"https:\/\/diariodigitalmx.com\/index.php\/wp-json\/wp\/v2\/posts"}],"about":[{"href":"https:\/\/diariodigitalmx.com\/index.php\/wp-json\/wp\/v2\/types\/post"}],"author":[{"embeddable":true,"href":"https:\/\/diariodigitalmx.com\/index.php\/wp-json\/wp\/v2\/users\/1"}],"replies":[{"embeddable":true,"href":"https:\/\/diariodigitalmx.com\/index.php\/wp-json\/wp\/v2\/comments?post=118748"}],"version-history":[{"count":5,"href":"https:\/\/diariodigitalmx.com\/index.php\/wp-json\/wp\/v2\/posts\/118748\/revisions"}],"predecessor-version":[{"id":118759,"href":"https:\/\/diariodigitalmx.com\/index.php\/wp-json\/wp\/v2\/posts\/118748\/revisions\/118759"}],"wp:featuredmedia":[{"embeddable":true,"href":"https:\/\/diariodigitalmx.com\/index.php\/wp-json\/wp\/v2\/media\/118750"}],"wp:attachment":[{"href":"https:\/\/diariodigitalmx.com\/index.php\/wp-json\/wp\/v2\/media?parent=118748"}],"wp:term":[{"taxonomy":"category","embeddable":true,"href":"https:\/\/diariodigitalmx.com\/index.php\/wp-json\/wp\/v2\/categories?post=118748"},{"taxonomy":"post_tag","embeddable":true,"href":"https:\/\/diariodigitalmx.com\/index.php\/wp-json\/wp\/v2\/tags?post=118748"}],"curies":[{"name":"wp","href":"https:\/\/api.w.org\/{rel}","templated":true}]}}