{"id":118788,"date":"2024-05-10T07:45:23","date_gmt":"2024-05-10T12:45:23","guid":{"rendered":"https:\/\/diariodigitalmx.com\/?p=118788"},"modified":"2024-05-10T07:45:59","modified_gmt":"2024-05-10T12:45:59","slug":"candidatos-alejados-de-la-educacion-no-tocan-a-fondo-el-tema","status":"publish","type":"post","link":"https:\/\/diariodigitalmx.com\/index.php\/2024\/05\/10\/candidatos-alejados-de-la-educacion-no-tocan-a-fondo-el-tema\/","title":{"rendered":"Candidatos alejados de la educaci\u00f3n; no tocan a fondo el tema"},"content":{"rendered":"\n<p>Luz Mar\u00eda Ortiz Quintos<br>Instituto Nacional de Consultor\u00eda Familiar<br>Los Padres de Familia no hemos escuchado en estas campa\u00f1as a alg\u00fan candidato que dentro de sus propuestas hable del tema de la educaci\u00f3n, me refiero a como lo estuvimos promoviendo el a\u00f1o pasado en los meses de julio y agosto, previo al inicio del ciclo escolar en curso.<\/p>\n\n\n\n<p>Recordemos que la Secretar\u00eda de Educaci\u00f3n de Nuevo Le\u00f3n convoc\u00f3 a la revisi\u00f3n de los libros de texto gratuitos de Primer a Cuarto grado de Primaria para el ciclo escolar 2023-2024, de acuerdo a los Planes y Programas de Estudio del 2022, posteriormente a esa revisi\u00f3n el 27 de Julio presentamos por escrito en la oficina de la titular lo siguiente:<br>Queremos biolog\u00eda, NO ideolog\u00eda.<br>Queremos que se deje de promover los derechos sexuales y reproductivos en menores de edad, a pesar de estar en su ley de ni\u00f1os, ni\u00f1as y adolescentes que solo han logrado incrementar los embarazos no deseados en adolescente y disminuir la edad de las menores de edad embarazadas; as\u00ed como tambi\u00e9n se han incrementado las enfermedades de transmisi\u00f3n sexual.<br>Queremos que no se promueva a los ni\u00f1os la idea de que independientemente de su sexo biol\u00f3gico, ellos pueden elegir ser ni\u00f1a o ni\u00f1o.<br>Queremos que se deje de fomentar la idea de que es su derecho vestirse de ni\u00f1o, siendo ni\u00f1a y viceversa.<br>Queremos que se deje de fomentar la falta de orden y disciplina permitiendo llevar el cabello pintado de colores.<br>Queremos que se mejoren los contenidos y calidad de la ense\u00f1anza acad\u00e9mica, que se les ense\u00f1e a leer, escribir, sumar y restar en lugar de estar enfocados en ideolog\u00edas y modas.<br>Queremos que se respeten los usos y costumbres de las mayor\u00edas.<br>Queremos que Nuevo Le\u00f3n recupere su grandeza, su renombre y distinci\u00f3n por las buenas costumbres, la pr\u00e1ctica de los valores y la cultura de legalidad.<br>Queremos que los padres de familia sean tomados en cuenta en los consejos de participaci\u00f3n social<br>Queremos que se instalen los consejos de Seguridad y los consejos de erradicaci\u00f3n de la violencia.<\/p>\n\n\n\n<p>Ojal\u00e1 en los pocos d\u00edas que quedan de campa\u00f1a, escuchemos alg\u00fan o alguna valiente que aborde este tema, para muchos pol\u00e9mico, pero para nosotros prioritario y fundamental, los derechos humanos de los menores han sido violentados cuando se les da este tipo de ense\u00f1anza, la sana educaci\u00f3n el sano desarrollo de su biolog\u00eda y psicolog\u00eda con estas ideolog\u00edas es, y est\u00e1 siendo violentado.<\/p>\n\n\n\n<p>Basta ver el resultado de Pa\u00edses como Reino Unido; marcha atr\u00e1s en la ideolog\u00eda de g\u00e9nero: el sexo es \u201cbiol\u00f3gico\u201d. La experiencia m\u00e9dica en Noruega, Finlandia, y Suecia lleva a sus sistemas de salud p\u00fablica a restringir el acceso a los tratamientos de \u00abafirmaci\u00f3n de g\u00e9nero\u00bb cambios de sexo biol\u00f3gico en menores de edad con tratamientos hormonales y mutilaciones.<\/p>\n","protected":false},"excerpt":{"rendered":"<p>Luz Mar\u00eda Ortiz QuintosInstituto Nacional de Consultor\u00eda FamiliarLos Padres de Familia no hemos escuchado en estas campa\u00f1as a alg\u00fan candidato que dentro de sus propuestas hable del tema de la educaci\u00f3n, me refiero a como lo estuvimos promoviendo el a\u00f1o pasado en los meses de julio y agosto, previo al inicio del ciclo escolar en [&hellip;]<\/p>\n","protected":false},"author":1,"featured_media":118790,"comment_status":"open","ping_status":"open","sticky":true,"template":"","format":"standard","meta":{"footnotes":""},"categories":[14,12],"tags":[],"_links":{"self":[{"href":"https:\/\/diariodigitalmx.com\/index.php\/wp-json\/wp\/v2\/posts\/118788"}],"collection":[{"href":"https:\/\/diariodigitalmx.com\/index.php\/wp-json\/wp\/v2\/posts"}],"about":[{"href":"https:\/\/diariodigitalmx.com\/index.php\/wp-json\/wp\/v2\/types\/post"}],"author":[{"embeddable":true,"href":"https:\/\/diariodigitalmx.com\/index.php\/wp-json\/wp\/v2\/users\/1"}],"replies":[{"embeddable":true,"href":"https:\/\/diariodigitalmx.com\/index.php\/wp-json\/wp\/v2\/comments?post=118788"}],"version-history":[{"count":1,"href":"https:\/\/diariodigitalmx.com\/index.php\/wp-json\/wp\/v2\/posts\/118788\/revisions"}],"predecessor-version":[{"id":118789,"href":"https:\/\/diariodigitalmx.com\/index.php\/wp-json\/wp\/v2\/posts\/118788\/revisions\/118789"}],"wp:featuredmedia":[{"embeddable":true,"href":"https:\/\/diariodigitalmx.com\/index.php\/wp-json\/wp\/v2\/media\/118790"}],"wp:attachment":[{"href":"https:\/\/diariodigitalmx.com\/index.php\/wp-json\/wp\/v2\/media?parent=118788"}],"wp:term":[{"taxonomy":"category","embeddable":true,"href":"https:\/\/diariodigitalmx.com\/index.php\/wp-json\/wp\/v2\/categories?post=118788"},{"taxonomy":"post_tag","embeddable":true,"href":"https:\/\/diariodigitalmx.com\/index.php\/wp-json\/wp\/v2\/tags?post=118788"}],"curies":[{"name":"wp","href":"https:\/\/api.w.org\/{rel}","templated":true}]}}