{"id":118813,"date":"2024-05-10T15:58:28","date_gmt":"2024-05-10T20:58:28","guid":{"rendered":"https:\/\/diariodigitalmx.com\/?p=118813"},"modified":"2024-05-10T16:00:36","modified_gmt":"2024-05-10T21:00:36","slug":"instalara-mijes-en-avenidas-sistema-para-el-monitoreo-vial","status":"publish","type":"post","link":"https:\/\/diariodigitalmx.com\/index.php\/2024\/05\/10\/instalara-mijes-en-avenidas-sistema-para-el-monitoreo-vial\/","title":{"rendered":"Instalar\u00e1 Mijes en avenidas sistema para el monitoreo vial"},"content":{"rendered":"\n<p>Andr\u00e9s Mijes anunci\u00f3 que se instalar\u00e1 un moderno sistema de monitoreo de vial para dar a conocer en tiempo real qu\u00e9 calles o avenidas presentan congestionamiento vial y as\u00ed agilizar el tr\u00e1fico en la Ciudad.<\/p>\n\n\n\n<p>El Candidato de la coalici\u00f3n \u201cSigamos Haciendo Historia\u201d precis\u00f3 que de ganar las elecciones el pr\u00f3ximo dos de junio, contempla en puntos estrat\u00e9gicos de Escobedo colocar macro pantallas con informaci\u00f3n precisa de que avenidas est\u00e1n saturas y as\u00ed tomar con tiempo alternativas viales.<\/p>\n\n\n\n<figure class=\"wp-block-image size-large\"><img loading=\"lazy\" decoding=\"async\" width=\"1024\" height=\"682\" src=\"https:\/\/diariodigitalmx.com\/wp-content\/uploads\/2024\/05\/IMG_9368-1024x682.jpg\" alt=\"\" class=\"wp-image-118817\" srcset=\"https:\/\/diariodigitalmx.com\/wp-content\/uploads\/2024\/05\/IMG_9368-1024x682.jpg 1024w, https:\/\/diariodigitalmx.com\/wp-content\/uploads\/2024\/05\/IMG_9368-300x200.jpg 300w, https:\/\/diariodigitalmx.com\/wp-content\/uploads\/2024\/05\/IMG_9368-768x512.jpg 768w, https:\/\/diariodigitalmx.com\/wp-content\/uploads\/2024\/05\/IMG_9368-1536x1023.jpg 1536w, https:\/\/diariodigitalmx.com\/wp-content\/uploads\/2024\/05\/IMG_9368-2048x1364.jpg 2048w\" sizes=\"(max-width: 1024px) 100vw, 1024px\" \/><\/figure>\n\n\n\n<p>\u201cNosotros apostamos al uso de la tecnolog\u00eda para tener una mejor movilidad, por lo que con estas macro pantallas que se instalen en varios puntos ayudar\u00e1 mucho a los automovilistas planear sus viajes y elegir las mejores rutas, sobre todo aquellas que les ahorre tiempo de traslado\u201d, expres\u00f3.<\/p>\n\n\n\n<figure class=\"wp-block-image size-large\"><img loading=\"lazy\" decoding=\"async\" width=\"1024\" height=\"682\" src=\"https:\/\/diariodigitalmx.com\/wp-content\/uploads\/2024\/05\/IMG_9681-1024x682.jpg\" alt=\"\" class=\"wp-image-118818\" srcset=\"https:\/\/diariodigitalmx.com\/wp-content\/uploads\/2024\/05\/IMG_9681-1024x682.jpg 1024w, https:\/\/diariodigitalmx.com\/wp-content\/uploads\/2024\/05\/IMG_9681-300x200.jpg 300w, https:\/\/diariodigitalmx.com\/wp-content\/uploads\/2024\/05\/IMG_9681-768x512.jpg 768w, https:\/\/diariodigitalmx.com\/wp-content\/uploads\/2024\/05\/IMG_9681-1536x1023.jpg 1536w, https:\/\/diariodigitalmx.com\/wp-content\/uploads\/2024\/05\/IMG_9681-2048x1364.jpg 2048w\" sizes=\"(max-width: 1024px) 100vw, 1024px\" \/><\/figure>\n\n\n\n<p>Mijes en diversas reuniones ha sostenido que dentro del eje \u201cCiudad Sustentable\u201d se busca brindar una transformaci\u00f3n a la movilidad y con el apoyo de estas pantallas se busca reducir los tiempos de traslados.<\/p>\n\n\n\n<p>Las pantallas, explic\u00f3 Mije, ser\u00edan instaladas en las principales avenidas, y adem\u00e1s contendr\u00edan informaci\u00f3n de la calidad del aire.<\/p>\n\n\n\n<p>Con este novedoso sistema de monitoreo, explic\u00f3 Mijes, se apuesta a agilizar el tr\u00e1fico de Escobedo, al informar a los conductores cu\u00e1nto tiempo les tomar\u00e1 cruzar ciertas avenidas, para que as\u00ed puedan tomar su tiempo y no provocar retrasos en sus viajes, adem\u00e1s de tener la oportunidad de tomar otras rutas.<\/p>\n\n\n\n<p>Andr\u00e9s Mijes reiter\u00f3 que la movilidad en Escobedo se potencializar\u00e1 con mejores arterias viales.<\/p>\n","protected":false},"excerpt":{"rendered":"<p>Andr\u00e9s Mijes anunci\u00f3 que se instalar\u00e1 un moderno sistema de monitoreo de vial para dar a conocer en tiempo real qu\u00e9 calles o avenidas presentan congestionamiento vial y as\u00ed agilizar el tr\u00e1fico en la Ciudad. El Candidato de la coalici\u00f3n \u201cSigamos Haciendo Historia\u201d precis\u00f3 que de ganar las elecciones el pr\u00f3ximo dos de junio, contempla [&hellip;]<\/p>\n","protected":false},"author":1,"featured_media":118815,"comment_status":"open","ping_status":"open","sticky":true,"template":"","format":"standard","meta":{"footnotes":""},"categories":[6,5],"tags":[],"_links":{"self":[{"href":"https:\/\/diariodigitalmx.com\/index.php\/wp-json\/wp\/v2\/posts\/118813"}],"collection":[{"href":"https:\/\/diariodigitalmx.com\/index.php\/wp-json\/wp\/v2\/posts"}],"about":[{"href":"https:\/\/diariodigitalmx.com\/index.php\/wp-json\/wp\/v2\/types\/post"}],"author":[{"embeddable":true,"href":"https:\/\/diariodigitalmx.com\/index.php\/wp-json\/wp\/v2\/users\/1"}],"replies":[{"embeddable":true,"href":"https:\/\/diariodigitalmx.com\/index.php\/wp-json\/wp\/v2\/comments?post=118813"}],"version-history":[{"count":2,"href":"https:\/\/diariodigitalmx.com\/index.php\/wp-json\/wp\/v2\/posts\/118813\/revisions"}],"predecessor-version":[{"id":118819,"href":"https:\/\/diariodigitalmx.com\/index.php\/wp-json\/wp\/v2\/posts\/118813\/revisions\/118819"}],"wp:featuredmedia":[{"embeddable":true,"href":"https:\/\/diariodigitalmx.com\/index.php\/wp-json\/wp\/v2\/media\/118815"}],"wp:attachment":[{"href":"https:\/\/diariodigitalmx.com\/index.php\/wp-json\/wp\/v2\/media?parent=118813"}],"wp:term":[{"taxonomy":"category","embeddable":true,"href":"https:\/\/diariodigitalmx.com\/index.php\/wp-json\/wp\/v2\/categories?post=118813"},{"taxonomy":"post_tag","embeddable":true,"href":"https:\/\/diariodigitalmx.com\/index.php\/wp-json\/wp\/v2\/tags?post=118813"}],"curies":[{"name":"wp","href":"https:\/\/api.w.org\/{rel}","templated":true}]}}