{"id":118820,"date":"2024-05-10T16:38:07","date_gmt":"2024-05-10T21:38:07","guid":{"rendered":"https:\/\/diariodigitalmx.com\/?p=118820"},"modified":"2024-05-10T16:40:19","modified_gmt":"2024-05-10T21:40:19","slug":"descarta-adrian-contienda-cerrada-en-monterrey","status":"publish","type":"post","link":"https:\/\/diariodigitalmx.com\/index.php\/2024\/05\/10\/descarta-adrian-contienda-cerrada-en-monterrey\/","title":{"rendered":"Descarta Adri\u00e1n contienda cerrada en Monterrey"},"content":{"rendered":"\n<figure class=\"wp-block-image size-large\"><img loading=\"lazy\" decoding=\"async\" width=\"957\" height=\"1024\" src=\"https:\/\/diariodigitalmx.com\/wp-content\/uploads\/2024\/05\/IMG-20240510-WA0151-957x1024.jpg\" alt=\"\" class=\"wp-image-118823\" srcset=\"https:\/\/diariodigitalmx.com\/wp-content\/uploads\/2024\/05\/IMG-20240510-WA0151-957x1024.jpg 957w, https:\/\/diariodigitalmx.com\/wp-content\/uploads\/2024\/05\/IMG-20240510-WA0151-281x300.jpg 281w, https:\/\/diariodigitalmx.com\/wp-content\/uploads\/2024\/05\/IMG-20240510-WA0151-768x821.jpg 768w, https:\/\/diariodigitalmx.com\/wp-content\/uploads\/2024\/05\/IMG-20240510-WA0151-1436x1536.jpg 1436w, https:\/\/diariodigitalmx.com\/wp-content\/uploads\/2024\/05\/IMG-20240510-WA0151.jpg 1496w\" sizes=\"(max-width: 957px) 100vw, 957px\" \/><\/figure>\n\n\n\n<p>*<em>En el d\u00eda de las madres felicita a las regiomontanas que recibir\u00e1n un apoyo directo al llegar a la alcald\u00eda con programas como Tarjeta Regia Plus y Estancias infantiles.<\/em><\/p>\n\n\n\n<p>Durante las actividades proselitistas de este 10 de mayo, el candidato a la alcald\u00eda de Monterrey, Adri\u00e1n de la Garza Santos, aprovech\u00f3 para enviar felicitaciones a las madres regiomontanas y para reiterar su llamado a la ciudadan\u00eda a ser contundentes el d\u00eda de la elecci\u00f3n.<\/p>\n\n\n\n<p>El abanderado de la alianza \u201cFuerza y coraz\u00f3n por Nuevo Le\u00f3n\u201d estuvo en el crucero de las avenidas F\u00e9lix U. G\u00f3mez y Col\u00f3n, donde inform\u00f3 que realizar\u00e1 varios cierres de campa\u00f1a en distintos sectores de la ciudad y habr\u00e1 uno masivo del cual dar\u00e1 por menores a su debido tiempo.<\/p>\n\n\n\n<figure class=\"wp-block-image size-large\"><img loading=\"lazy\" decoding=\"async\" width=\"1024\" height=\"682\" src=\"https:\/\/diariodigitalmx.com\/wp-content\/uploads\/2024\/05\/IMG-20240510-WA0152-1024x682.jpg\" alt=\"\" class=\"wp-image-118826\" srcset=\"https:\/\/diariodigitalmx.com\/wp-content\/uploads\/2024\/05\/IMG-20240510-WA0152-1024x682.jpg 1024w, https:\/\/diariodigitalmx.com\/wp-content\/uploads\/2024\/05\/IMG-20240510-WA0152-300x200.jpg 300w, https:\/\/diariodigitalmx.com\/wp-content\/uploads\/2024\/05\/IMG-20240510-WA0152-768x512.jpg 768w, https:\/\/diariodigitalmx.com\/wp-content\/uploads\/2024\/05\/IMG-20240510-WA0152-1536x1023.jpg 1536w, https:\/\/diariodigitalmx.com\/wp-content\/uploads\/2024\/05\/IMG-20240510-WA0152.jpg 1600w\" sizes=\"(max-width: 1024px) 100vw, 1024px\" \/><\/figure>\n\n\n\n<p>Tambi\u00e9n dijo estar preparado para el debate del pr\u00f3ximo fin de semana para contrastar ideas con otros candidatos.<\/p>\n\n\n\n<p>Reiter\u00f3 que espera que el voto le favorezca el 2 de junio y rechaz\u00f3 la advertencia del Tribunal Estatal Electoral en el sentido de que la contienda por Monterrey vaya a ser muy cerrada y deba repetirse.<\/p>\n\n\n\n<figure class=\"wp-block-image size-large\"><img loading=\"lazy\" decoding=\"async\" width=\"1024\" height=\"840\" src=\"https:\/\/diariodigitalmx.com\/wp-content\/uploads\/2024\/05\/IMG-20240510-WA0153-1024x840.jpg\" alt=\"\" class=\"wp-image-118827\" srcset=\"https:\/\/diariodigitalmx.com\/wp-content\/uploads\/2024\/05\/IMG-20240510-WA0153-1024x840.jpg 1024w, https:\/\/diariodigitalmx.com\/wp-content\/uploads\/2024\/05\/IMG-20240510-WA0153-300x246.jpg 300w, https:\/\/diariodigitalmx.com\/wp-content\/uploads\/2024\/05\/IMG-20240510-WA0153-768x630.jpg 768w, https:\/\/diariodigitalmx.com\/wp-content\/uploads\/2024\/05\/IMG-20240510-WA0153-1536x1260.jpg 1536w, https:\/\/diariodigitalmx.com\/wp-content\/uploads\/2024\/05\/IMG-20240510-WA0153.jpg 1600w\" sizes=\"(max-width: 1024px) 100vw, 1024px\" \/><\/figure>\n\n\n\n<p>\u201c(En el Estado) est\u00e1n tratando de que se judicialice esta elecci\u00f3n, pero yo atiendo a la contundencia de los regiomontanos, a lo que he sentido del apoyo de ellos, estoy muy agradecido y me compromete el doble con toda la gente de Monterrey de dar resultados como siempre lo he hecho.<\/p>\n\n\n\n<p>\u201cEstoy seguro que vamos a ganar, no nada m\u00e1s con el apoyo de la gente de edad media o mayor sino tambi\u00e9n con el apoyo o el voto de todos los j\u00f3venes de esta ciudad que quieren rumbo\u201d, se\u00f1al\u00f3.<\/p>\n\n\n\n<figure class=\"wp-block-image size-large\"><img loading=\"lazy\" decoding=\"async\" width=\"529\" height=\"1024\" src=\"https:\/\/diariodigitalmx.com\/wp-content\/uploads\/2024\/05\/IMG-20240510-WA0154-529x1024.jpg\" alt=\"\" class=\"wp-image-118830\" srcset=\"https:\/\/diariodigitalmx.com\/wp-content\/uploads\/2024\/05\/IMG-20240510-WA0154-529x1024.jpg 529w, https:\/\/diariodigitalmx.com\/wp-content\/uploads\/2024\/05\/IMG-20240510-WA0154-155x300.jpg 155w, https:\/\/diariodigitalmx.com\/wp-content\/uploads\/2024\/05\/IMG-20240510-WA0154-768x1488.jpg 768w, https:\/\/diariodigitalmx.com\/wp-content\/uploads\/2024\/05\/IMG-20240510-WA0154-793x1536.jpg 793w, https:\/\/diariodigitalmx.com\/wp-content\/uploads\/2024\/05\/IMG-20240510-WA0154.jpg 826w\" sizes=\"(max-width: 529px) 100vw, 529px\" \/><\/figure>\n\n\n\n<p>D\u00cdA DE LAS MADRES<\/p>\n\n\n\n<p>En este 10 de mayo, el abanderado de los partidos PRI, PAN y PRD, envi\u00f3 una felicitaci\u00f3n a las todas las madres de familia, en especial a las regiomontanas y record\u00f3 que en su proyecto de gobierno ellas son prioridad.<\/p>\n\n\n\n<p>Por eso implementar\u00e1 programas especialmente para las jefas de familia como la Tarjeta Regia Plus, con un apoyo econ\u00f3mico bimestral de 2 mil pesos, que contar\u00e1 con un acompa\u00f1amiento para la empendedur\u00eda o bien, acceso f\u00e1cil a cr\u00e9ditos para iniciar alg\u00fan negocio.<\/p>\n\n\n\n<p>Destac\u00f3 tambi\u00e9n el plan de las estancias infantiles en las colonias para que mam\u00e1s puedan salir a trabajar o realizar sus actividades mientras sus hijos est\u00e1n bien cuidados.<\/p>\n","protected":false},"excerpt":{"rendered":"<p>*En el d\u00eda de las madres felicita a las regiomontanas que recibir\u00e1n un apoyo directo al llegar a la alcald\u00eda con programas como Tarjeta Regia Plus y Estancias infantiles. Durante las actividades proselitistas de este 10 de mayo, el candidato a la alcald\u00eda de Monterrey, Adri\u00e1n de la Garza Santos, aprovech\u00f3 para enviar felicitaciones a [&hellip;]<\/p>\n","protected":false},"author":1,"featured_media":118822,"comment_status":"open","ping_status":"open","sticky":true,"template":"","format":"standard","meta":{"footnotes":""},"categories":[6,3],"tags":[],"_links":{"self":[{"href":"https:\/\/diariodigitalmx.com\/index.php\/wp-json\/wp\/v2\/posts\/118820"}],"collection":[{"href":"https:\/\/diariodigitalmx.com\/index.php\/wp-json\/wp\/v2\/posts"}],"about":[{"href":"https:\/\/diariodigitalmx.com\/index.php\/wp-json\/wp\/v2\/types\/post"}],"author":[{"embeddable":true,"href":"https:\/\/diariodigitalmx.com\/index.php\/wp-json\/wp\/v2\/users\/1"}],"replies":[{"embeddable":true,"href":"https:\/\/diariodigitalmx.com\/index.php\/wp-json\/wp\/v2\/comments?post=118820"}],"version-history":[{"count":4,"href":"https:\/\/diariodigitalmx.com\/index.php\/wp-json\/wp\/v2\/posts\/118820\/revisions"}],"predecessor-version":[{"id":118831,"href":"https:\/\/diariodigitalmx.com\/index.php\/wp-json\/wp\/v2\/posts\/118820\/revisions\/118831"}],"wp:featuredmedia":[{"embeddable":true,"href":"https:\/\/diariodigitalmx.com\/index.php\/wp-json\/wp\/v2\/media\/118822"}],"wp:attachment":[{"href":"https:\/\/diariodigitalmx.com\/index.php\/wp-json\/wp\/v2\/media?parent=118820"}],"wp:term":[{"taxonomy":"category","embeddable":true,"href":"https:\/\/diariodigitalmx.com\/index.php\/wp-json\/wp\/v2\/categories?post=118820"},{"taxonomy":"post_tag","embeddable":true,"href":"https:\/\/diariodigitalmx.com\/index.php\/wp-json\/wp\/v2\/tags?post=118820"}],"curies":[{"name":"wp","href":"https:\/\/api.w.org\/{rel}","templated":true}]}}