{"id":118832,"date":"2024-05-10T18:47:09","date_gmt":"2024-05-10T23:47:09","guid":{"rendered":"https:\/\/diariodigitalmx.com\/?p=118832"},"modified":"2024-05-10T18:51:17","modified_gmt":"2024-05-10T23:51:17","slug":"llegara-la-4t-a-santiago-con-maribel-villalon","status":"publish","type":"post","link":"https:\/\/diariodigitalmx.com\/index.php\/2024\/05\/10\/llegara-la-4t-a-santiago-con-maribel-villalon\/","title":{"rendered":"Llegar\u00e1 la 4T a Santiago con Maribel Villalon"},"content":{"rendered":"\n<figure class=\"wp-block-image size-large\"><img loading=\"lazy\" decoding=\"async\" width=\"1024\" height=\"861\" src=\"https:\/\/diariodigitalmx.com\/wp-content\/uploads\/2024\/05\/IMG-20240510-WA0182-1024x861.jpg\" alt=\"\" class=\"wp-image-118836\" srcset=\"https:\/\/diariodigitalmx.com\/wp-content\/uploads\/2024\/05\/IMG-20240510-WA0182-1024x861.jpg 1024w, https:\/\/diariodigitalmx.com\/wp-content\/uploads\/2024\/05\/IMG-20240510-WA0182-300x252.jpg 300w, https:\/\/diariodigitalmx.com\/wp-content\/uploads\/2024\/05\/IMG-20240510-WA0182-768x646.jpg 768w, https:\/\/diariodigitalmx.com\/wp-content\/uploads\/2024\/05\/IMG-20240510-WA0182.jpg 1280w\" sizes=\"(max-width: 1024px) 100vw, 1024px\" \/><\/figure>\n\n\n\n<p>Santiago, NL.- Cada d\u00eda m\u00e1s santiaguenses se suman al proyecto de gobierno de la candidata de Morena a la presidencia municipal, Maribel Villalon, \u201cpor m\u00e1s bienestar, m\u00e1s transparencia en el ejercicio de los recursos p\u00fablicos del municipio, y mejores servicios de educaci\u00f3n, salud y seguridad, en beneficio de las familias.<\/p>\n\n\n\n<p>Nuestro voto el pr\u00f3ximo 2 de junio ser\u00e1 para Morena y para ti Maribel, para que llegue la cuarta transformaci\u00f3n y la justicia social a todas las familias del municipio, reiteran habitantes de las colonias y comunidades de Santiago durante los recorridos de proselitismo que realiza la candidata.<\/p>\n\n\n\n<figure class=\"wp-block-image size-large\"><img loading=\"lazy\" decoding=\"async\" width=\"1024\" height=\"677\" src=\"https:\/\/diariodigitalmx.com\/wp-content\/uploads\/2024\/05\/IMG-20240510-WA0186-1024x677.jpg\" alt=\"\" class=\"wp-image-118837\" srcset=\"https:\/\/diariodigitalmx.com\/wp-content\/uploads\/2024\/05\/IMG-20240510-WA0186-1024x677.jpg 1024w, https:\/\/diariodigitalmx.com\/wp-content\/uploads\/2024\/05\/IMG-20240510-WA0186-300x198.jpg 300w, https:\/\/diariodigitalmx.com\/wp-content\/uploads\/2024\/05\/IMG-20240510-WA0186-768x508.jpg 768w, https:\/\/diariodigitalmx.com\/wp-content\/uploads\/2024\/05\/IMG-20240510-WA0186.jpg 1280w\" sizes=\"(max-width: 1024px) 100vw, 1024px\" \/><\/figure>\n\n\n\n<p>Las expresiones de apoyo y adhesi\u00f3n a la candidatura de la ex diputada local y exregidora Maribel Villalon, se dan de manera espont\u00e1nea.<\/p>\n\n\n\n<figure class=\"wp-block-gallery has-nested-images columns-default is-cropped wp-block-gallery-1 is-layout-flex wp-block-gallery-is-layout-flex\">\n<figure class=\"wp-block-image size-large\"><img loading=\"lazy\" decoding=\"async\" width=\"1024\" height=\"685\" data-id=\"118839\" src=\"https:\/\/diariodigitalmx.com\/wp-content\/uploads\/2024\/05\/IMG-20240510-WA0183-1024x685.jpg\" alt=\"\" class=\"wp-image-118839\" srcset=\"https:\/\/diariodigitalmx.com\/wp-content\/uploads\/2024\/05\/IMG-20240510-WA0183-1024x685.jpg 1024w, https:\/\/diariodigitalmx.com\/wp-content\/uploads\/2024\/05\/IMG-20240510-WA0183-300x201.jpg 300w, https:\/\/diariodigitalmx.com\/wp-content\/uploads\/2024\/05\/IMG-20240510-WA0183-768x514.jpg 768w, https:\/\/diariodigitalmx.com\/wp-content\/uploads\/2024\/05\/IMG-20240510-WA0183.jpg 1280w\" sizes=\"(max-width: 1024px) 100vw, 1024px\" \/><\/figure>\n\n\n\n<figure class=\"wp-block-image size-large\"><img loading=\"lazy\" decoding=\"async\" width=\"1024\" height=\"771\" data-id=\"118838\" src=\"https:\/\/diariodigitalmx.com\/wp-content\/uploads\/2024\/05\/IMG-20240510-WA0184-1024x771.jpg\" alt=\"\" class=\"wp-image-118838\" srcset=\"https:\/\/diariodigitalmx.com\/wp-content\/uploads\/2024\/05\/IMG-20240510-WA0184-1024x771.jpg 1024w, https:\/\/diariodigitalmx.com\/wp-content\/uploads\/2024\/05\/IMG-20240510-WA0184-300x226.jpg 300w, https:\/\/diariodigitalmx.com\/wp-content\/uploads\/2024\/05\/IMG-20240510-WA0184-768x578.jpg 768w, https:\/\/diariodigitalmx.com\/wp-content\/uploads\/2024\/05\/IMG-20240510-WA0184.jpg 1280w\" sizes=\"(max-width: 1024px) 100vw, 1024px\" \/><\/figure>\n\n\n\n<figure class=\"wp-block-image size-large\"><img loading=\"lazy\" decoding=\"async\" width=\"1024\" height=\"788\" data-id=\"118840\" src=\"https:\/\/diariodigitalmx.com\/wp-content\/uploads\/2024\/05\/IMG-20240510-WA0181-1024x788.jpg\" alt=\"\" class=\"wp-image-118840\" srcset=\"https:\/\/diariodigitalmx.com\/wp-content\/uploads\/2024\/05\/IMG-20240510-WA0181-1024x788.jpg 1024w, https:\/\/diariodigitalmx.com\/wp-content\/uploads\/2024\/05\/IMG-20240510-WA0181-300x231.jpg 300w, https:\/\/diariodigitalmx.com\/wp-content\/uploads\/2024\/05\/IMG-20240510-WA0181-768x591.jpg 768w, https:\/\/diariodigitalmx.com\/wp-content\/uploads\/2024\/05\/IMG-20240510-WA0181.jpg 1280w\" sizes=\"(max-width: 1024px) 100vw, 1024px\" \/><\/figure>\n<\/figure>\n\n\n\n<p>\u201cEstamos contigo Maribel, y con Claudia Sheinbaum para la presidencia de la rep\u00fablica, para que lleguen los programas sociales en beneficio de las personas adultas mayores, las personas con discapacidad y becas para los j\u00f3venes\u201d.<\/p>\n\n\n\n<p>Un voto por Morena y Maribel Villalon este 2 de junio, representa la llegada de la cuarta transformaci\u00f3n a Santiago con mejores condiciones de bienestar para las personas adultas mayores, mujeres y j\u00f3venes, m\u00e1s oportunidades de educaci\u00f3n, salud, crecimiento econ\u00f3mico, generaci\u00f3n de empleos, protecci\u00f3n del medio ambiente, el fortalecimiento de la seguridad y la infraestructura vial.<\/p>\n","protected":false},"excerpt":{"rendered":"<p>Santiago, NL.- Cada d\u00eda m\u00e1s santiaguenses se suman al proyecto de gobierno de la candidata de Morena a la presidencia municipal, Maribel Villalon, \u201cpor m\u00e1s bienestar, m\u00e1s transparencia en el ejercicio de los recursos p\u00fablicos del municipio, y mejores servicios de educaci\u00f3n, salud y seguridad, en beneficio de las familias. Nuestro voto el pr\u00f3ximo 2 [&hellip;]<\/p>\n","protected":false},"author":1,"featured_media":118834,"comment_status":"open","ping_status":"open","sticky":true,"template":"","format":"standard","meta":{"footnotes":""},"categories":[6,5],"tags":[],"_links":{"self":[{"href":"https:\/\/diariodigitalmx.com\/index.php\/wp-json\/wp\/v2\/posts\/118832"}],"collection":[{"href":"https:\/\/diariodigitalmx.com\/index.php\/wp-json\/wp\/v2\/posts"}],"about":[{"href":"https:\/\/diariodigitalmx.com\/index.php\/wp-json\/wp\/v2\/types\/post"}],"author":[{"embeddable":true,"href":"https:\/\/diariodigitalmx.com\/index.php\/wp-json\/wp\/v2\/users\/1"}],"replies":[{"embeddable":true,"href":"https:\/\/diariodigitalmx.com\/index.php\/wp-json\/wp\/v2\/comments?post=118832"}],"version-history":[{"count":2,"href":"https:\/\/diariodigitalmx.com\/index.php\/wp-json\/wp\/v2\/posts\/118832\/revisions"}],"predecessor-version":[{"id":118841,"href":"https:\/\/diariodigitalmx.com\/index.php\/wp-json\/wp\/v2\/posts\/118832\/revisions\/118841"}],"wp:featuredmedia":[{"embeddable":true,"href":"https:\/\/diariodigitalmx.com\/index.php\/wp-json\/wp\/v2\/media\/118834"}],"wp:attachment":[{"href":"https:\/\/diariodigitalmx.com\/index.php\/wp-json\/wp\/v2\/media?parent=118832"}],"wp:term":[{"taxonomy":"category","embeddable":true,"href":"https:\/\/diariodigitalmx.com\/index.php\/wp-json\/wp\/v2\/categories?post=118832"},{"taxonomy":"post_tag","embeddable":true,"href":"https:\/\/diariodigitalmx.com\/index.php\/wp-json\/wp\/v2\/tags?post=118832"}],"curies":[{"name":"wp","href":"https:\/\/api.w.org\/{rel}","templated":true}]}}