{"id":118856,"date":"2024-05-11T17:19:46","date_gmt":"2024-05-11T22:19:46","guid":{"rendered":"https:\/\/diariodigitalmx.com\/?p=118856"},"modified":"2024-05-11T17:22:30","modified_gmt":"2024-05-11T22:22:30","slug":"promete-mijes-a-maestros-reforzar-apoyos-para-el-sector-educativo","status":"publish","type":"post","link":"https:\/\/diariodigitalmx.com\/index.php\/2024\/05\/11\/promete-mijes-a-maestros-reforzar-apoyos-para-el-sector-educativo\/","title":{"rendered":"Promete Mijes a maestros reforzar apoyos para el sector educativo"},"content":{"rendered":"\n<figure class=\"wp-block-image size-full\"><img loading=\"lazy\" decoding=\"async\" width=\"997\" height=\"739\" src=\"https:\/\/diariodigitalmx.com\/wp-content\/uploads\/2024\/05\/FOTO-2.jpg\" alt=\"\" class=\"wp-image-118859\" srcset=\"https:\/\/diariodigitalmx.com\/wp-content\/uploads\/2024\/05\/FOTO-2.jpg 997w, https:\/\/diariodigitalmx.com\/wp-content\/uploads\/2024\/05\/FOTO-2-300x222.jpg 300w, https:\/\/diariodigitalmx.com\/wp-content\/uploads\/2024\/05\/FOTO-2-768x569.jpg 768w\" sizes=\"(max-width: 997px) 100vw, 997px\" \/><\/figure>\n\n\n\n<p>El Candidato de la coalici\u00f3n \u201cSigamos Haciendo Historia\u201d, Andr\u00e9s Mijes, particip\u00f3 este s\u00e1bado en reuni\u00f3n con maestros que forman parte de la estructura de defensa del voto, ante quienes se comprometi\u00f3 a continuar apoyando la educaci\u00f3n.<\/p>\n\n\n\n<p>Ante los maestros, y acompa\u00f1ado de Clara Luz Flores, Candidata al Distrito 3 Federal, Mijes dijo que, al ganar las elecciones del dos de junio, reforzar\u00e1 los apoyos a escuelas y la capacitaci\u00f3n de los educadores en Escobedo.<\/p>\n\n\n\n<figure class=\"wp-block-image size-large\"><img loading=\"lazy\" decoding=\"async\" width=\"1024\" height=\"682\" src=\"https:\/\/diariodigitalmx.com\/wp-content\/uploads\/2024\/05\/FOTO-3-1024x682.jpg\" alt=\"\" class=\"wp-image-118861\" srcset=\"https:\/\/diariodigitalmx.com\/wp-content\/uploads\/2024\/05\/FOTO-3-1024x682.jpg 1024w, https:\/\/diariodigitalmx.com\/wp-content\/uploads\/2024\/05\/FOTO-3-300x200.jpg 300w, https:\/\/diariodigitalmx.com\/wp-content\/uploads\/2024\/05\/FOTO-3-768x511.jpg 768w, https:\/\/diariodigitalmx.com\/wp-content\/uploads\/2024\/05\/FOTO-3.jpg 1280w\" sizes=\"(max-width: 1024px) 100vw, 1024px\" \/><\/figure>\n\n\n\n<p>&nbsp;\u201cHoy vengo a refrendar mi apoyo con ustedes maestros, ustedes son la clave principal para formar ni\u00f1os y j\u00f3venes que en un futuro transformar\u00e1n nuestra comunidad.<\/p>\n\n\n\n<p>\u201cDar\u00e9 continuidad a los programas para mejorar las escuelas y seguiremos con las capacitaciones para que todos los docentes refuercen sus herramientas de conocimiento\u201d, expres\u00f3.<\/p>\n\n\n\n<p>El Candidato se\u00f1al\u00f3 que apoyar\u00e1 a los maestros para mejorar la infraestructura de todos los planteles educativos, y as\u00ed brindar espacios de calidad para los estudiantes.<\/p>\n\n\n\n<p>Agreg\u00f3 que dar\u00e1 seguimiento a los programas enfocados en erradicar la deserci\u00f3n escolar con becas que apoyen a ni\u00f1as, ni\u00f1os, y j\u00f3venes para que contin\u00faen sus estudios.<\/p>\n\n\n\n<p>En Escobedo, se\u00f1al\u00f3 Mijes, se seguir\u00e1 impulsando los nuevos modelos de ense\u00f1anza proactiva que impactan directamente a las comunidades.<\/p>\n","protected":false},"excerpt":{"rendered":"<p>El Candidato de la coalici\u00f3n \u201cSigamos Haciendo Historia\u201d, Andr\u00e9s Mijes, particip\u00f3 este s\u00e1bado en reuni\u00f3n con maestros que forman parte de la estructura de defensa del voto, ante quienes se comprometi\u00f3 a continuar apoyando la educaci\u00f3n. Ante los maestros, y acompa\u00f1ado de Clara Luz Flores, Candidata al Distrito 3 Federal, Mijes dijo que, al ganar [&hellip;]<\/p>\n","protected":false},"author":1,"featured_media":118858,"comment_status":"open","ping_status":"open","sticky":true,"template":"","format":"standard","meta":{"footnotes":""},"categories":[6,5],"tags":[],"_links":{"self":[{"href":"https:\/\/diariodigitalmx.com\/index.php\/wp-json\/wp\/v2\/posts\/118856"}],"collection":[{"href":"https:\/\/diariodigitalmx.com\/index.php\/wp-json\/wp\/v2\/posts"}],"about":[{"href":"https:\/\/diariodigitalmx.com\/index.php\/wp-json\/wp\/v2\/types\/post"}],"author":[{"embeddable":true,"href":"https:\/\/diariodigitalmx.com\/index.php\/wp-json\/wp\/v2\/users\/1"}],"replies":[{"embeddable":true,"href":"https:\/\/diariodigitalmx.com\/index.php\/wp-json\/wp\/v2\/comments?post=118856"}],"version-history":[{"count":3,"href":"https:\/\/diariodigitalmx.com\/index.php\/wp-json\/wp\/v2\/posts\/118856\/revisions"}],"predecessor-version":[{"id":118862,"href":"https:\/\/diariodigitalmx.com\/index.php\/wp-json\/wp\/v2\/posts\/118856\/revisions\/118862"}],"wp:featuredmedia":[{"embeddable":true,"href":"https:\/\/diariodigitalmx.com\/index.php\/wp-json\/wp\/v2\/media\/118858"}],"wp:attachment":[{"href":"https:\/\/diariodigitalmx.com\/index.php\/wp-json\/wp\/v2\/media?parent=118856"}],"wp:term":[{"taxonomy":"category","embeddable":true,"href":"https:\/\/diariodigitalmx.com\/index.php\/wp-json\/wp\/v2\/categories?post=118856"},{"taxonomy":"post_tag","embeddable":true,"href":"https:\/\/diariodigitalmx.com\/index.php\/wp-json\/wp\/v2\/tags?post=118856"}],"curies":[{"name":"wp","href":"https:\/\/api.w.org\/{rel}","templated":true}]}}