{"id":118884,"date":"2024-05-12T13:17:40","date_gmt":"2024-05-12T18:17:40","guid":{"rendered":"https:\/\/diariodigitalmx.com\/?p=118884"},"modified":"2024-05-13T12:14:15","modified_gmt":"2024-05-13T17:14:15","slug":"te-conocemos-desde-chiquitilla-vecinos-de-apodaca-a-perla-serna","status":"publish","type":"post","link":"https:\/\/diariodigitalmx.com\/index.php\/2024\/05\/12\/te-conocemos-desde-chiquitilla-vecinos-de-apodaca-a-perla-serna\/","title":{"rendered":"&#8220;Te conocemos desde chiquitilla&#8221;, vecinos de Apodaca a Perla Serna"},"content":{"rendered":"\n<figure class=\"wp-block-image size-large\"><img loading=\"lazy\" decoding=\"async\" width=\"1024\" height=\"1024\" src=\"https:\/\/diariodigitalmx.com\/wp-content\/uploads\/2024\/05\/IMG_20240512_111451_930-1024x1024.webp\" alt=\"\" class=\"wp-image-118888\" srcset=\"https:\/\/diariodigitalmx.com\/wp-content\/uploads\/2024\/05\/IMG_20240512_111451_930-1024x1024.webp 1024w, https:\/\/diariodigitalmx.com\/wp-content\/uploads\/2024\/05\/IMG_20240512_111451_930-300x300.webp 300w, https:\/\/diariodigitalmx.com\/wp-content\/uploads\/2024\/05\/IMG_20240512_111451_930-150x150.webp 150w, https:\/\/diariodigitalmx.com\/wp-content\/uploads\/2024\/05\/IMG_20240512_111451_930-768x768.webp 768w, https:\/\/diariodigitalmx.com\/wp-content\/uploads\/2024\/05\/IMG_20240512_111451_930.webp 1080w\" sizes=\"(max-width: 1024px) 100vw, 1024px\" \/><\/figure>\n\n\n\n<p>La cr\u00f3nica de Pedro Garc\u00eda<br>Los d\u00edas se precipitan hacia el 2 de junio y la campa\u00f1a de Perla Serna, candidata a diputada por el Distrito 16 local por el PT, se refuerza con la alegr\u00eda del primer d\u00eda, y m\u00e1s todav\u00eda por la buena fe con que familias enteras le anticipan que le otorgar\u00e1n el voto.<br>Perla tiene un fuerte arraigo en el Distrito 16\u2026Varias vecinas expresan: \u201cla conocemos desde chiquitilla\u201d.<br>\u201cAqu\u00ed la ve\u00edamos, ten\u00eda como diez a\u00f1itos\u201d, comentaba una vecina para reafirmar a sus amigas del barrio. Empleada en una tienda, la se\u00f1ora acomoda unos trapeadores mientras recuerda la \u00e9poca de la ni\u00f1ez de Perla quien ahora es una joven madre de familia y estudiante de psicolog\u00eda.<\/p>\n\n\n\n<figure class=\"wp-block-image size-large\"><img loading=\"lazy\" decoding=\"async\" width=\"1024\" height=\"1024\" src=\"https:\/\/diariodigitalmx.com\/wp-content\/uploads\/2024\/05\/IMG_20240512_111451_985-1024x1024.webp\" alt=\"\" class=\"wp-image-118890\" srcset=\"https:\/\/diariodigitalmx.com\/wp-content\/uploads\/2024\/05\/IMG_20240512_111451_985-1024x1024.webp 1024w, https:\/\/diariodigitalmx.com\/wp-content\/uploads\/2024\/05\/IMG_20240512_111451_985-300x300.webp 300w, https:\/\/diariodigitalmx.com\/wp-content\/uploads\/2024\/05\/IMG_20240512_111451_985-150x150.webp 150w, https:\/\/diariodigitalmx.com\/wp-content\/uploads\/2024\/05\/IMG_20240512_111451_985-768x768.webp 768w, https:\/\/diariodigitalmx.com\/wp-content\/uploads\/2024\/05\/IMG_20240512_111451_985.webp 1080w\" sizes=\"(max-width: 1024px) 100vw, 1024px\" \/><\/figure>\n\n\n\n<p>El pasado 10 de mayo, D\u00eda de las Madres, Perla Serna sali\u00f3 a saludar a las madres del Distrito 16, sus vecinas. Incluso, en algunas casas fue recibida en pleno festejo y convidada al \u00e1gape.<br>No obstante, en las caminatas, tambi\u00e9n se impuso la realidad, la inconformidad de vecinas y vecinos por el estado de cosas que hay en Apodaca, en particular, por lo que los ciudadanos ya tipifican como la herencia del poder.<\/p>\n\n\n\n<figure class=\"wp-block-image size-large\"><img loading=\"lazy\" decoding=\"async\" width=\"1024\" height=\"771\" src=\"https:\/\/diariodigitalmx.com\/wp-content\/uploads\/2024\/05\/441948303_122127133172255719_156629566334017206_n-1024x771.jpg\" alt=\"\" class=\"wp-image-118894\" srcset=\"https:\/\/diariodigitalmx.com\/wp-content\/uploads\/2024\/05\/441948303_122127133172255719_156629566334017206_n-1024x771.jpg 1024w, https:\/\/diariodigitalmx.com\/wp-content\/uploads\/2024\/05\/441948303_122127133172255719_156629566334017206_n-300x226.jpg 300w, https:\/\/diariodigitalmx.com\/wp-content\/uploads\/2024\/05\/441948303_122127133172255719_156629566334017206_n-768x578.jpg 768w, https:\/\/diariodigitalmx.com\/wp-content\/uploads\/2024\/05\/441948303_122127133172255719_156629566334017206_n-1536x1156.jpg 1536w, https:\/\/diariodigitalmx.com\/wp-content\/uploads\/2024\/05\/441948303_122127133172255719_156629566334017206_n.jpg 1600w\" sizes=\"(max-width: 1024px) 100vw, 1024px\" \/><\/figure>\n\n\n\n<p>Adem\u00e1s, de la marcada inseguridad. En numerosas casas-habitaci\u00f3n las rejas contra los ladrones est\u00e1n instaladas del piso al techo. A ello hay que agregar el circuito de videograbaci\u00f3n en negocios y en las casas familiares.<br>Es muy com\u00fan que las familias tengan mascotas de advertencia, de tal modo que, en los barrios, se sueltan conciertos estruendosos de ladridos de perros, con o sin pedigr\u00ed, en los porches y cocheras de las casas.<br>En ese \u00e1mbito, las vecinas y vecinos salen al encuentro de la candidata Perla Serna y con estimable paciencia escuchan sus prop\u00f3sitos, por ejemplo, su preocupaci\u00f3n central de procurar la salud mental de la ni\u00f1ez y de los adultos.<\/p>\n","protected":false},"excerpt":{"rendered":"<p>La cr\u00f3nica de Pedro Garc\u00edaLos d\u00edas se precipitan hacia el 2 de junio y la campa\u00f1a de Perla Serna, candidata a diputada por el Distrito 16 local por el PT, se refuerza con la alegr\u00eda del primer d\u00eda, y m\u00e1s todav\u00eda por la buena fe con que familias enteras le anticipan que le otorgar\u00e1n el [&hellip;]<\/p>\n","protected":false},"author":1,"featured_media":118886,"comment_status":"open","ping_status":"open","sticky":true,"template":"","format":"standard","meta":{"footnotes":""},"categories":[6,5],"tags":[],"_links":{"self":[{"href":"https:\/\/diariodigitalmx.com\/index.php\/wp-json\/wp\/v2\/posts\/118884"}],"collection":[{"href":"https:\/\/diariodigitalmx.com\/index.php\/wp-json\/wp\/v2\/posts"}],"about":[{"href":"https:\/\/diariodigitalmx.com\/index.php\/wp-json\/wp\/v2\/types\/post"}],"author":[{"embeddable":true,"href":"https:\/\/diariodigitalmx.com\/index.php\/wp-json\/wp\/v2\/users\/1"}],"replies":[{"embeddable":true,"href":"https:\/\/diariodigitalmx.com\/index.php\/wp-json\/wp\/v2\/comments?post=118884"}],"version-history":[{"count":6,"href":"https:\/\/diariodigitalmx.com\/index.php\/wp-json\/wp\/v2\/posts\/118884\/revisions"}],"predecessor-version":[{"id":118961,"href":"https:\/\/diariodigitalmx.com\/index.php\/wp-json\/wp\/v2\/posts\/118884\/revisions\/118961"}],"wp:featuredmedia":[{"embeddable":true,"href":"https:\/\/diariodigitalmx.com\/index.php\/wp-json\/wp\/v2\/media\/118886"}],"wp:attachment":[{"href":"https:\/\/diariodigitalmx.com\/index.php\/wp-json\/wp\/v2\/media?parent=118884"}],"wp:term":[{"taxonomy":"category","embeddable":true,"href":"https:\/\/diariodigitalmx.com\/index.php\/wp-json\/wp\/v2\/categories?post=118884"},{"taxonomy":"post_tag","embeddable":true,"href":"https:\/\/diariodigitalmx.com\/index.php\/wp-json\/wp\/v2\/tags?post=118884"}],"curies":[{"name":"wp","href":"https:\/\/api.w.org\/{rel}","templated":true}]}}