{"id":118901,"date":"2024-05-12T13:45:30","date_gmt":"2024-05-12T18:45:30","guid":{"rendered":"https:\/\/diariodigitalmx.com\/?p=118901"},"modified":"2024-05-12T13:46:35","modified_gmt":"2024-05-12T18:46:35","slug":"el-terror-politico-en-mexico-agencia-de-eu-tiene-otros-datos","status":"publish","type":"post","link":"https:\/\/diariodigitalmx.com\/index.php\/2024\/05\/12\/el-terror-politico-en-mexico-agencia-de-eu-tiene-otros-datos\/","title":{"rendered":"El terror pol\u00edtico en M\u00e9xico; Agencia de EU tiene otros datos"},"content":{"rendered":"\n<p><br>El pa\u00eds con el \u00edndice de terror pol\u00edtico m\u00e1s alto de toda la regi\u00f3n de Latinoam\u00e9rica y el Caribe, con un nivel cuatro de cinco en la escala, es M\u00e9xico.<br>As\u00ed lo califican datos de la Agencia de los Estados Unidos para el Desarrollo Internacional (USAID), que destaca que el nivel cuatro responde a \u201cviolaciones de los derechos civiles y pol\u00edticos que se extienden a gran parte de la poblaci\u00f3n. Los asesinatos, las desapariciones y la tortura son algo com\u00fan en la vida diaria. El terror en este nivel afecta principalmente a aquellos que se interesan por la pol\u00edtica\u201d.<br>La USAID define la Escala de Terror Pol\u00edtico (ETP) como las violaciones a los derechos humanos b\u00e1sicos y a la integridad f\u00edsica de una persona por parte de agentes del Estado dentro de los l\u00edmites territoriales del pa\u00eds en cuesti\u00f3n. La agencia advierte que esta clasificaci\u00f3n \u201cofrece informaci\u00f3n sobre el comportamiento de los gobiernos en relaci\u00f3n con el autoritarismo, los derechos humanos y la corrupci\u00f3n, que tiene importantes ramificaciones contextuales para el desarrollo\u201d.<br>El resultado lo determinaron programadores de la Universidad de Carolina del Norte en Asheville. Seg\u00fan la informaci\u00f3n, se analizaron y estudiaron los informes de derechos humanos de 2023 de las dos organizaciones y del Departamento de Estado de EU, y a partir de ello se asign\u00f3 una puntuaci\u00f3n entre uno y cinco.<br>Adem\u00e1s, el Instituto Legalium sit\u00fao a M\u00e9xico con una calificaci\u00f3n de 0.25 sobre 1 en terror pol\u00edtico. Esta instituci\u00f3n basa su indicador en las escalas de terror pol\u00edtico de Amnist\u00eda Internacional y el Departamento de Estado de EU, enfoc\u00e1ndose principalmente en sub\u00edndices como violencia pol\u00edtica, represi\u00f3n del Estado, desapariciones, ejecuciones extrajudiciales, uso de tortura, encarcelamientos pol\u00edticos y muertes de civiles a manos de elementos gubernamentales.<\/p>\n","protected":false},"excerpt":{"rendered":"<p>El pa\u00eds con el \u00edndice de terror pol\u00edtico m\u00e1s alto de toda la regi\u00f3n de Latinoam\u00e9rica y el Caribe, con un nivel cuatro de cinco en la escala, es M\u00e9xico.As\u00ed lo califican datos de la Agencia de los Estados Unidos para el Desarrollo Internacional (USAID), que destaca que el nivel cuatro responde a \u201cviolaciones de [&hellip;]<\/p>\n","protected":false},"author":1,"featured_media":118903,"comment_status":"open","ping_status":"open","sticky":true,"template":"","format":"standard","meta":{"footnotes":""},"categories":[2,3],"tags":[],"_links":{"self":[{"href":"https:\/\/diariodigitalmx.com\/index.php\/wp-json\/wp\/v2\/posts\/118901"}],"collection":[{"href":"https:\/\/diariodigitalmx.com\/index.php\/wp-json\/wp\/v2\/posts"}],"about":[{"href":"https:\/\/diariodigitalmx.com\/index.php\/wp-json\/wp\/v2\/types\/post"}],"author":[{"embeddable":true,"href":"https:\/\/diariodigitalmx.com\/index.php\/wp-json\/wp\/v2\/users\/1"}],"replies":[{"embeddable":true,"href":"https:\/\/diariodigitalmx.com\/index.php\/wp-json\/wp\/v2\/comments?post=118901"}],"version-history":[{"count":1,"href":"https:\/\/diariodigitalmx.com\/index.php\/wp-json\/wp\/v2\/posts\/118901\/revisions"}],"predecessor-version":[{"id":118902,"href":"https:\/\/diariodigitalmx.com\/index.php\/wp-json\/wp\/v2\/posts\/118901\/revisions\/118902"}],"wp:featuredmedia":[{"embeddable":true,"href":"https:\/\/diariodigitalmx.com\/index.php\/wp-json\/wp\/v2\/media\/118903"}],"wp:attachment":[{"href":"https:\/\/diariodigitalmx.com\/index.php\/wp-json\/wp\/v2\/media?parent=118901"}],"wp:term":[{"taxonomy":"category","embeddable":true,"href":"https:\/\/diariodigitalmx.com\/index.php\/wp-json\/wp\/v2\/categories?post=118901"},{"taxonomy":"post_tag","embeddable":true,"href":"https:\/\/diariodigitalmx.com\/index.php\/wp-json\/wp\/v2\/tags?post=118901"}],"curies":[{"name":"wp","href":"https:\/\/api.w.org\/{rel}","templated":true}]}}