{"id":118922,"date":"2024-05-13T01:03:45","date_gmt":"2024-05-13T06:03:45","guid":{"rendered":"https:\/\/diariodigitalmx.com\/?p=118922"},"modified":"2024-05-13T01:04:17","modified_gmt":"2024-05-13T06:04:17","slug":"la-herencia-no-se-vende","status":"publish","type":"post","link":"https:\/\/diariodigitalmx.com\/index.php\/2024\/05\/13\/la-herencia-no-se-vende\/","title":{"rendered":"La herencia no se vende"},"content":{"rendered":"\n<p>Hoy en la ma\u00f1ana admiraba la ense\u00f1anza de nuestros padres y quiero honrar su obediencia.<\/p>\n\n\n\n<p>Le\u00ed un pasaje de N\u00fameros y no pude evitar llamar a mi pap\u00e1 para decirle que hab\u00eda encontrado el fundamento de la frase familiar.<\/p>\n\n\n\n<p>Le doy gracias a Dios que le dio el entendimiento para atesorar esto en su coraz\u00f3n, as\u00ed como la oportunidad de llevarla a la pr\u00e1ctica, y dejarme a m\u00ed constatarlo en Su palabra.<\/p>\n\n\n\n<p>&#8220;&#8230;la heredad de los hijos de Israel no sea traspasada de tribu en tribu; porque cada uno de los hijos de Israel estar\u00e1 ligado a la heredad de la tribu de sus padres.&#8221;. N\u00fameros 36:7<\/p>\n\n\n\n<p>Dios tiene buenas razones para poner Sus reglas. (Si no me cree vea el ejemplo de Esa\u00fa, que la vendi\u00f3 por \u00a1un plato de lentejas!)<\/p>\n\n\n\n<p>Encu\u00e9ntralas.<\/p>\n\n\n\n<p>Es hermosa la heredad que me ha tocado: \u00a1la obediencia!<\/p>\n\n\n\n<p>\u00bfCree esto? Hable con Dios, lea la Biblia y desc\u00fabralo.&nbsp; Solo la Verdad nos har\u00e1 verdaderamente libres.<\/p>\n\n\n\n<p>N\u00fameros 36:7 | Salmos 16:6-7<\/p>\n\n\n\n<p>Email&nbsp;<a href=\"mailto:mujervirtuosa@instruccionespersonales.com\" target=\"_blank\" rel=\"noreferrer noopener\">mujervirtuosa@instruccionespersonales.com<br><\/a>Facebook e Instagram, @<a href=\"https:\/\/www.facebook.com\/InstruccionesPersonales\" target=\"_blank\" rel=\"noreferrer noopener\">InstruccionesPersonales<\/a>&nbsp;<\/p>\n\n\n\n<p>Whatsapp:&nbsp;<a href=\"https:\/\/chat.whatsapp.com\/IvEOo3fLUPB760llpNegXy\" target=\"_blank\" rel=\"noreferrer noopener\">https:\/\/chat.whatsapp.com\/IvEOo3fLUPB760llpNegXy<\/a>&nbsp;&nbsp;&nbsp;&nbsp;&nbsp;<\/p>\n\n\n\n<p>Telegram:&nbsp;<a href=\"https:\/\/t.me\/joinchat\/GadGUwf0PUjYH44I\" target=\"_blank\" rel=\"noreferrer noopener\">https:\/\/t.me\/joinchat\/GadGUwf0PUjYH44I<\/a><\/p>\n","protected":false},"excerpt":{"rendered":"<p>Hoy en la ma\u00f1ana admiraba la ense\u00f1anza de nuestros padres y quiero honrar su obediencia. Le\u00ed un pasaje de N\u00fameros y no pude evitar llamar a mi pap\u00e1 para decirle que hab\u00eda encontrado el fundamento de la frase familiar. Le doy gracias a Dios que le dio el entendimiento para atesorar esto en su coraz\u00f3n, [&hellip;]<\/p>\n","protected":false},"author":1,"featured_media":118924,"comment_status":"open","ping_status":"open","sticky":true,"template":"","format":"standard","meta":{"footnotes":""},"categories":[14,12],"tags":[],"_links":{"self":[{"href":"https:\/\/diariodigitalmx.com\/index.php\/wp-json\/wp\/v2\/posts\/118922"}],"collection":[{"href":"https:\/\/diariodigitalmx.com\/index.php\/wp-json\/wp\/v2\/posts"}],"about":[{"href":"https:\/\/diariodigitalmx.com\/index.php\/wp-json\/wp\/v2\/types\/post"}],"author":[{"embeddable":true,"href":"https:\/\/diariodigitalmx.com\/index.php\/wp-json\/wp\/v2\/users\/1"}],"replies":[{"embeddable":true,"href":"https:\/\/diariodigitalmx.com\/index.php\/wp-json\/wp\/v2\/comments?post=118922"}],"version-history":[{"count":1,"href":"https:\/\/diariodigitalmx.com\/index.php\/wp-json\/wp\/v2\/posts\/118922\/revisions"}],"predecessor-version":[{"id":118923,"href":"https:\/\/diariodigitalmx.com\/index.php\/wp-json\/wp\/v2\/posts\/118922\/revisions\/118923"}],"wp:featuredmedia":[{"embeddable":true,"href":"https:\/\/diariodigitalmx.com\/index.php\/wp-json\/wp\/v2\/media\/118924"}],"wp:attachment":[{"href":"https:\/\/diariodigitalmx.com\/index.php\/wp-json\/wp\/v2\/media?parent=118922"}],"wp:term":[{"taxonomy":"category","embeddable":true,"href":"https:\/\/diariodigitalmx.com\/index.php\/wp-json\/wp\/v2\/categories?post=118922"},{"taxonomy":"post_tag","embeddable":true,"href":"https:\/\/diariodigitalmx.com\/index.php\/wp-json\/wp\/v2\/tags?post=118922"}],"curies":[{"name":"wp","href":"https:\/\/api.w.org\/{rel}","templated":true}]}}