{"id":118934,"date":"2024-05-13T09:20:28","date_gmt":"2024-05-13T14:20:28","guid":{"rendered":"https:\/\/diariodigitalmx.com\/?p=118934"},"modified":"2024-05-13T09:23:34","modified_gmt":"2024-05-13T14:23:34","slug":"proyecta-mijes-a-escobedo-como-una-ciudad-de-la-gente","status":"publish","type":"post","link":"https:\/\/diariodigitalmx.com\/index.php\/2024\/05\/13\/proyecta-mijes-a-escobedo-como-una-ciudad-de-la-gente\/","title":{"rendered":"Proyecta Mijes a Escobedo como una Ciudad de la Gente"},"content":{"rendered":"\n<p>A fin de recortar la brecha de la desigualdad, Andr\u00e9s Mijes anunci\u00f3 que Escobedo ser\u00e1 una Ciudad de la Gente con programas y proyectos que mejoren la calidad de vida de todos.<\/p>\n\n\n\n<p>Este domingo, el Candidato de la coalici\u00f3n &#8220;Sigamos Haciendo Historia&#8221; desde la Colonia 18 de Octubre explic\u00f3 que la transformaci\u00f3n se centra en los beneficios directos para los ciudadanos.<\/p>\n\n\n\n<figure class=\"wp-block-image size-large\"><img loading=\"lazy\" decoding=\"async\" width=\"1024\" height=\"682\" src=\"https:\/\/diariodigitalmx.com\/wp-content\/uploads\/2024\/05\/IMG_0009-1024x682.jpg\" alt=\"\" class=\"wp-image-118939\" srcset=\"https:\/\/diariodigitalmx.com\/wp-content\/uploads\/2024\/05\/IMG_0009-1024x682.jpg 1024w, https:\/\/diariodigitalmx.com\/wp-content\/uploads\/2024\/05\/IMG_0009-300x200.jpg 300w, https:\/\/diariodigitalmx.com\/wp-content\/uploads\/2024\/05\/IMG_0009-768x512.jpg 768w, https:\/\/diariodigitalmx.com\/wp-content\/uploads\/2024\/05\/IMG_0009-1536x1023.jpg 1536w, https:\/\/diariodigitalmx.com\/wp-content\/uploads\/2024\/05\/IMG_0009-2048x1364.jpg 2048w\" sizes=\"(max-width: 1024px) 100vw, 1024px\" \/><\/figure>\n\n\n\n<p>\u201cMe duele el dolor ajeno, conozco la lucha de d\u00eda a d\u00eda para sacar adelante las familias, por lo que con esta propuesta que hoy les presentamos y que concentra una serie de obras y de programas de beneficio social, pretendemos reducir la brecha de la desigualdad y beneficiar desde los m\u00e1s peque\u00f1os del hogar hasta las personas de la tercera edad\u201d, expres\u00f3 el Candidato.<\/p>\n\n\n\n<figure class=\"wp-block-image size-large\"><img loading=\"lazy\" decoding=\"async\" width=\"1024\" height=\"682\" src=\"https:\/\/diariodigitalmx.com\/wp-content\/uploads\/2024\/05\/IMG_0003-1024x682.jpg\" alt=\"\" class=\"wp-image-118940\" srcset=\"https:\/\/diariodigitalmx.com\/wp-content\/uploads\/2024\/05\/IMG_0003-1024x682.jpg 1024w, https:\/\/diariodigitalmx.com\/wp-content\/uploads\/2024\/05\/IMG_0003-300x200.jpg 300w, https:\/\/diariodigitalmx.com\/wp-content\/uploads\/2024\/05\/IMG_0003-768x512.jpg 768w, https:\/\/diariodigitalmx.com\/wp-content\/uploads\/2024\/05\/IMG_0003-1536x1023.jpg 1536w, https:\/\/diariodigitalmx.com\/wp-content\/uploads\/2024\/05\/IMG_0003-2048x1364.jpg 2048w\" sizes=\"(max-width: 1024px) 100vw, 1024px\" \/><\/figure>\n\n\n\n<p>El eje Ciudad de la Gente, dijo Mijes que se proyecta una inversi\u00f3n superior a los 100 millones de pesos para dar atenci\u00f3n a la salud mental, la creaci\u00f3n de espacios para personas de la tercera edad, atenci\u00f3n directa a personas con discapacidad e impulsar el deporte.<\/p>\n\n\n\n<p>Mijes mencion\u00f3 que de ganar el 2 de junio impulsar\u00e1 la creaci\u00f3n del Centro de Salud Emocional, la cual brindar\u00e1 a la poblaci\u00f3n en general servicios de psicolog\u00eda adem\u00e1s de terapias individuales y grupales.<\/p>\n\n\n\n<p>Tambi\u00e9n se contempla el Casa Club del Adulto Mayor, la cual ser\u00e1 un espacio que fungir\u00e1 como albergue temporal para las personas de la tercera edad que est\u00e9n en situaci\u00f3n de riesgo, adem\u00e1s de brindarles la atenci\u00f3n que requieren y un nuevo espacio de esparcimiento.<\/p>\n\n\n\n<p>Se trabajar\u00e1, asimismo, en la ampliaci\u00f3n de la Unidad B\u00e1sica de Rehabilitaci\u00f3n y Fisioterapia de la Colonia San Genero, para duplicar la atenci\u00f3n para las personas con discapacidad que lo requieran.<\/p>\n\n\n\n<p>Para las mujeres, se preparar\u00e1 la instalaci\u00f3n de tres Plazas Rosas, espacios donde las ciudadanas podr\u00e1n acceder a servicios de salud, equipadas con lactarios y talleres productivos.<\/p>\n\n\n\n<p>En apoyo a los padres y madres de familia que tienen que salir para llevar el sustento a sus hogares, se instalar\u00e1n dos guarder\u00edas municipales, para que sus hijos puedan estar en un lugar seguro mientras sus pap\u00e1s est\u00e1n trabajando.<\/p>\n\n\n\n<p>Para el deporte, Mijes mencion\u00f3 que se desarrollar\u00e1 una Unidad Deportiva Especializada en B\u00e9isbol.<\/p>\n\n\n\n<p>Con estas acciones, Andr\u00e9s Mijes puntualiz\u00f3 que en Escobedo continuar\u00e1 la Transformaci\u00f3n con acciones que abonar\u00e1n a darles una mejor calidad de vida a todos y as\u00ed reducir la brecha de desigualdad.<\/p>\n","protected":false},"excerpt":{"rendered":"<p>A fin de recortar la brecha de la desigualdad, Andr\u00e9s Mijes anunci\u00f3 que Escobedo ser\u00e1 una Ciudad de la Gente con programas y proyectos que mejoren la calidad de vida de todos. Este domingo, el Candidato de la coalici\u00f3n &#8220;Sigamos Haciendo Historia&#8221; desde la Colonia 18 de Octubre explic\u00f3 que la transformaci\u00f3n se centra en [&hellip;]<\/p>\n","protected":false},"author":1,"featured_media":118937,"comment_status":"open","ping_status":"open","sticky":true,"template":"","format":"standard","meta":{"footnotes":""},"categories":[14,6],"tags":[],"_links":{"self":[{"href":"https:\/\/diariodigitalmx.com\/index.php\/wp-json\/wp\/v2\/posts\/118934"}],"collection":[{"href":"https:\/\/diariodigitalmx.com\/index.php\/wp-json\/wp\/v2\/posts"}],"about":[{"href":"https:\/\/diariodigitalmx.com\/index.php\/wp-json\/wp\/v2\/types\/post"}],"author":[{"embeddable":true,"href":"https:\/\/diariodigitalmx.com\/index.php\/wp-json\/wp\/v2\/users\/1"}],"replies":[{"embeddable":true,"href":"https:\/\/diariodigitalmx.com\/index.php\/wp-json\/wp\/v2\/comments?post=118934"}],"version-history":[{"count":4,"href":"https:\/\/diariodigitalmx.com\/index.php\/wp-json\/wp\/v2\/posts\/118934\/revisions"}],"predecessor-version":[{"id":118943,"href":"https:\/\/diariodigitalmx.com\/index.php\/wp-json\/wp\/v2\/posts\/118934\/revisions\/118943"}],"wp:featuredmedia":[{"embeddable":true,"href":"https:\/\/diariodigitalmx.com\/index.php\/wp-json\/wp\/v2\/media\/118937"}],"wp:attachment":[{"href":"https:\/\/diariodigitalmx.com\/index.php\/wp-json\/wp\/v2\/media?parent=118934"}],"wp:term":[{"taxonomy":"category","embeddable":true,"href":"https:\/\/diariodigitalmx.com\/index.php\/wp-json\/wp\/v2\/categories?post=118934"},{"taxonomy":"post_tag","embeddable":true,"href":"https:\/\/diariodigitalmx.com\/index.php\/wp-json\/wp\/v2\/tags?post=118934"}],"curies":[{"name":"wp","href":"https:\/\/api.w.org\/{rel}","templated":true}]}}