{"id":118967,"date":"2024-05-13T20:06:47","date_gmt":"2024-05-14T01:06:47","guid":{"rendered":"https:\/\/diariodigitalmx.com\/?p=118967"},"modified":"2024-05-13T20:10:01","modified_gmt":"2024-05-14T01:10:01","slug":"anuncia-adrian-de-la-garza-creacion-de-c5-y-construccion-de-2-c4-en-monterrey","status":"publish","type":"post","link":"https:\/\/diariodigitalmx.com\/index.php\/2024\/05\/13\/anuncia-adrian-de-la-garza-creacion-de-c5-y-construccion-de-2-c4-en-monterrey\/","title":{"rendered":"Anuncia Adri\u00e1n de la Garza creaci\u00f3n de C5 y construcci\u00f3n de 2 C4 en Monterrey"},"content":{"rendered":"\n<figure class=\"wp-block-image size-large\"><img loading=\"lazy\" decoding=\"async\" width=\"1024\" height=\"683\" src=\"https:\/\/diariodigitalmx.com\/wp-content\/uploads\/2024\/05\/IMG-20240513-WA0129-1024x683.jpg\" alt=\"\" class=\"wp-image-118971\" srcset=\"https:\/\/diariodigitalmx.com\/wp-content\/uploads\/2024\/05\/IMG-20240513-WA0129-1024x683.jpg 1024w, https:\/\/diariodigitalmx.com\/wp-content\/uploads\/2024\/05\/IMG-20240513-WA0129-300x200.jpg 300w, https:\/\/diariodigitalmx.com\/wp-content\/uploads\/2024\/05\/IMG-20240513-WA0129-768x512.jpg 768w, https:\/\/diariodigitalmx.com\/wp-content\/uploads\/2024\/05\/IMG-20240513-WA0129-1536x1024.jpg 1536w, https:\/\/diariodigitalmx.com\/wp-content\/uploads\/2024\/05\/IMG-20240513-WA0129-2048x1366.jpg 2048w\" sizes=\"(max-width: 1024px) 100vw, 1024px\" \/><\/figure>\n\n\n\n<p>Con la creaci\u00f3n de un C5 y la construcci\u00f3n de dos nuevos C4, el candidato del PRI-PAN y PRD a la alcald\u00eda de Monterrey, Adri\u00e1n de la Garza Santos blindar\u00e1 la ciudad de los criminales, adem\u00e1s de coadyuvar a reducir los \u00edndices delictivos.<\/p>\n\n\n\n<p>En reuni\u00f3n con vecinos de la Colonia Del Carmen, el aspirante dio a conocer los proyectos m\u00e1s importantes en seguridad, que implementar\u00eda de llegar a la administraci\u00f3n municipal.<\/p>\n\n\n\n<p>Explic\u00f3 que contempla crear un Centro de Coordinaci\u00f3n, Control, Comando, Comunicaciones y C\u00f3mputo (C5), as\u00ed como establecer dos nuevas \u00e1reas de inteligencia, con la instalaci\u00f3n de m\u00e1s c\u00e1maras de video vigilancia y software de inteligencia con mejores capacidades.<\/p>\n\n\n\n<figure class=\"wp-block-image size-large\"><img loading=\"lazy\" decoding=\"async\" width=\"1024\" height=\"683\" src=\"https:\/\/diariodigitalmx.com\/wp-content\/uploads\/2024\/05\/IMG-20240513-WA0123-1024x683.jpg\" alt=\"\" class=\"wp-image-118972\" srcset=\"https:\/\/diariodigitalmx.com\/wp-content\/uploads\/2024\/05\/IMG-20240513-WA0123-1024x683.jpg 1024w, https:\/\/diariodigitalmx.com\/wp-content\/uploads\/2024\/05\/IMG-20240513-WA0123-300x200.jpg 300w, https:\/\/diariodigitalmx.com\/wp-content\/uploads\/2024\/05\/IMG-20240513-WA0123-768x512.jpg 768w, https:\/\/diariodigitalmx.com\/wp-content\/uploads\/2024\/05\/IMG-20240513-WA0123-1536x1024.jpg 1536w, https:\/\/diariodigitalmx.com\/wp-content\/uploads\/2024\/05\/IMG-20240513-WA0123-2048x1366.jpg 2048w\" sizes=\"(max-width: 1024px) 100vw, 1024px\" \/><\/figure>\n\n\n\n<p>El nuevo C5 contar\u00e1 con equipamiento de punta, salas de monitoreo, de comunicaciones y despacho, adem\u00e1s tendr\u00e1 conexi\u00f3n con cualquier sistema de circuito cerrado, bot\u00f3n de alerta f\u00edsico o aplicaci\u00f3n m\u00f3vil que se transmite en tiempo real al Centro de Control.<\/p>\n\n\n\n<p>Tambi\u00e9n tendr\u00e1 puntos de monitoreo din\u00e1micos, con colocaci\u00f3n de c\u00e1maras inal\u00e1mbricas en zonas de inter\u00e9s con altos \u00edndices delictivos.<\/p>\n\n\n\n<figure class=\"wp-block-image size-large\"><img loading=\"lazy\" decoding=\"async\" width=\"1024\" height=\"677\" src=\"https:\/\/diariodigitalmx.com\/wp-content\/uploads\/2024\/05\/IMG-20240513-WA0119-1024x677.jpg\" alt=\"\" class=\"wp-image-118973\" srcset=\"https:\/\/diariodigitalmx.com\/wp-content\/uploads\/2024\/05\/IMG-20240513-WA0119-1024x677.jpg 1024w, https:\/\/diariodigitalmx.com\/wp-content\/uploads\/2024\/05\/IMG-20240513-WA0119-300x198.jpg 300w, https:\/\/diariodigitalmx.com\/wp-content\/uploads\/2024\/05\/IMG-20240513-WA0119-768x508.jpg 768w, https:\/\/diariodigitalmx.com\/wp-content\/uploads\/2024\/05\/IMG-20240513-WA0119-1536x1015.jpg 1536w, https:\/\/diariodigitalmx.com\/wp-content\/uploads\/2024\/05\/IMG-20240513-WA0119-2048x1354.jpg 2048w\" sizes=\"(max-width: 1024px) 100vw, 1024px\" \/><\/figure>\n\n\n\n<p>Los dos nuevos Centros de Comando, Control, Comunicaciones y C\u00f3mputo (C4), se construir\u00e1n uno en la zona norte y otro al sur de la ciudad para abarcar m\u00e1s territorio con la vigilancia de la polic\u00eda de Monterrey.<\/p>\n\n\n\n<p>De la Garza Santos, record\u00f3 que durante sus gestiones como alcalde implement\u00f3 el Sistema de Seguridad de Inteligencia, un ambicioso programa en la Secretar\u00eda de Seguridad P\u00fablica y Vialidad, con el que disminuy\u00f3 los hechos delictivos en esta capital.<\/p>\n\n\n\n<p>Adquiri\u00f3 780 unidades para la corporaci\u00f3n en la Secretar\u00eda de Seguridad P\u00fablica y Vialidad equipadas con c\u00e1maras de video internas y externas, tabletas inteligentes y sistema GPS, dot\u00f3 a los elementos con 1,273 armas cortas y largas nuevas y se coloc\u00f3 a nivel nacional como pionero en la implementaci\u00f3n del protocolo de uso de la fuerza.<\/p>\n\n\n\n<figure class=\"wp-block-image size-large\"><img loading=\"lazy\" decoding=\"async\" width=\"1024\" height=\"683\" src=\"https:\/\/diariodigitalmx.com\/wp-content\/uploads\/2024\/05\/IMG-20240513-WA0125-1024x683.jpg\" alt=\"\" class=\"wp-image-118974\" srcset=\"https:\/\/diariodigitalmx.com\/wp-content\/uploads\/2024\/05\/IMG-20240513-WA0125-1024x683.jpg 1024w, https:\/\/diariodigitalmx.com\/wp-content\/uploads\/2024\/05\/IMG-20240513-WA0125-300x200.jpg 300w, https:\/\/diariodigitalmx.com\/wp-content\/uploads\/2024\/05\/IMG-20240513-WA0125-768x512.jpg 768w, https:\/\/diariodigitalmx.com\/wp-content\/uploads\/2024\/05\/IMG-20240513-WA0125-1536x1024.jpg 1536w, https:\/\/diariodigitalmx.com\/wp-content\/uploads\/2024\/05\/IMG-20240513-WA0125-2048x1366.jpg 2048w\" sizes=\"(max-width: 1024px) 100vw, 1024px\" \/><\/figure>\n\n\n\n<p>Al C4 le otorg\u00f3 tecnolog\u00eda de punta para la radiocomunicaci\u00f3n, monitoreo y vigilancia, sistemas de videoconferencia, circuito cerrado, y software de colaboraci\u00f3n, as\u00ed como 4 mil c\u00e1maras de vigilancia conectadas a una red propia de fibra \u00f3ptica propia.<\/p>\n\n\n\n<p>De acuerdo al Sem\u00e1foro del Delito de la Fiscal\u00eda General del Estado, en aquella gesti\u00f3n se registr\u00f3 una disminuci\u00f3n global de 54 por ciento en delitos patrimoniales en Monterrey.<\/p>\n\n\n\n<p>Construy\u00f3 la academia de polic\u00eda, considerada una de las mejores en el pa\u00eds e incluso de Am\u00e9rica Latina.<\/p>\n\n\n\n<p>Tambi\u00e9n mejor\u00f3 las condiciones salariales de los elementos y capacitaci\u00f3n profesional y cre\u00f3 la Guardia Auxiliar que operaba como polic\u00eda de proximidad, adem\u00e1s del establecimiento de una Unidad de Atenci\u00f3n de Violencia Familiar y de G\u00e9nero (UAVI) en el sector de San Bernab\u00e9.<\/p>\n","protected":false},"excerpt":{"rendered":"<p>Con la creaci\u00f3n de un C5 y la construcci\u00f3n de dos nuevos C4, el candidato del PRI-PAN y PRD a la alcald\u00eda de Monterrey, Adri\u00e1n de la Garza Santos blindar\u00e1 la ciudad de los criminales, adem\u00e1s de coadyuvar a reducir los \u00edndices delictivos. En reuni\u00f3n con vecinos de la Colonia Del Carmen, el aspirante dio [&hellip;]<\/p>\n","protected":false},"author":1,"featured_media":118969,"comment_status":"open","ping_status":"open","sticky":true,"template":"","format":"standard","meta":{"footnotes":""},"categories":[14,6],"tags":[],"_links":{"self":[{"href":"https:\/\/diariodigitalmx.com\/index.php\/wp-json\/wp\/v2\/posts\/118967"}],"collection":[{"href":"https:\/\/diariodigitalmx.com\/index.php\/wp-json\/wp\/v2\/posts"}],"about":[{"href":"https:\/\/diariodigitalmx.com\/index.php\/wp-json\/wp\/v2\/types\/post"}],"author":[{"embeddable":true,"href":"https:\/\/diariodigitalmx.com\/index.php\/wp-json\/wp\/v2\/users\/1"}],"replies":[{"embeddable":true,"href":"https:\/\/diariodigitalmx.com\/index.php\/wp-json\/wp\/v2\/comments?post=118967"}],"version-history":[{"count":2,"href":"https:\/\/diariodigitalmx.com\/index.php\/wp-json\/wp\/v2\/posts\/118967\/revisions"}],"predecessor-version":[{"id":118975,"href":"https:\/\/diariodigitalmx.com\/index.php\/wp-json\/wp\/v2\/posts\/118967\/revisions\/118975"}],"wp:featuredmedia":[{"embeddable":true,"href":"https:\/\/diariodigitalmx.com\/index.php\/wp-json\/wp\/v2\/media\/118969"}],"wp:attachment":[{"href":"https:\/\/diariodigitalmx.com\/index.php\/wp-json\/wp\/v2\/media?parent=118967"}],"wp:term":[{"taxonomy":"category","embeddable":true,"href":"https:\/\/diariodigitalmx.com\/index.php\/wp-json\/wp\/v2\/categories?post=118967"},{"taxonomy":"post_tag","embeddable":true,"href":"https:\/\/diariodigitalmx.com\/index.php\/wp-json\/wp\/v2\/tags?post=118967"}],"curies":[{"name":"wp","href":"https:\/\/api.w.org\/{rel}","templated":true}]}}