{"id":119008,"date":"2024-05-14T09:33:51","date_gmt":"2024-05-14T14:33:51","guid":{"rendered":"https:\/\/diariodigitalmx.com\/?p=119008"},"modified":"2024-05-14T09:34:28","modified_gmt":"2024-05-14T14:34:28","slug":"soluciones-apresuradas","status":"publish","type":"post","link":"https:\/\/diariodigitalmx.com\/index.php\/2024\/05\/14\/soluciones-apresuradas\/","title":{"rendered":"Soluciones apresuradas"},"content":{"rendered":"\n<p>Ra\u00fal Guajardo Cant\u00fa<\/p>\n\n\n\n<p>La mayor\u00eda de los problemas que enfrenta el Nuevo Le\u00f3n, derivan de alguna forma de la concentraci\u00f3n poblacional en el \u00e1rea metropolitana de Monterrey. Aqu\u00ed vivimos m\u00e1s del 80 porciento de los nuevoleoneses.<br>Movilidad, seguridad, abasto de agua, demanda de energ\u00eda, por se\u00f1alar algunos, tienen qu\u00e9 ver con la forma, an\u00e1rquica en qu\u00e9 se desarroll\u00f3 durante muchos a\u00f1os nuestra urbe.<br>Uno de los problemas que m\u00e1s impacta a los habitantes del AMM es el de la movilidad. Sobre todo porque el modelo de desarrollo urbano, por lo que respecta a la vivienda, fue prioritariamente horizontal y apenas se est\u00e1 presentando el desarrollo vertical.<br>Debido a ese modelo, los regiomontanos tienen que recorrer grandes distancias para ir a sus trabajos o a sus escuelas.<br>Si a esa situaci\u00f3n le agregamos el que el sistema de transporte p\u00fablico tiene serias deficiencias que los regiomontanos intentan subsanar con transporte privado, nos encontramos con un panorama poco alentador.<br>No fue novedad por ello, que el actual gobernador, Samuel Garc\u00eda presentara durante su campa\u00f1a un proyecto para solucionar la problem\u00e1tica en cuesti\u00f3n.<br>Ah\u00ed entre otras acciones encontramos la construcci\u00f3n de 3 nuevas l\u00edneas del Metro en las cuales se trabaja a toda velocidad.<br>El caso es que en la l\u00ednea 6 ya se han presentado dos casos de columnas que se inclinan dejando ver la posibilidad de una deficiente calidad en su construcci\u00f3n.<br>En otra ocasi\u00f3n en que se detectaron fallas en la l\u00ednea 2, el gobierno actu\u00f3 con responsabilidad y quiz\u00e1 pensando en lo sucedido en la l\u00ednea 12 del Metro de la CDMX, detuvo la operaci\u00f3n de dicha l\u00ednea pese a los costos pol\u00edticos y de imagen que ello trajo consigo.<br>En el caso de las nuevas l\u00edneas del Metro, nos preocupa que suceda lo que en las grandes obras del sexenio de AMLO, en las cuales por terminar en los plazos establecidos por el presidente, no se vigil\u00f3 adecuadamente la calidad de ellas, lo que deriv\u00f3 en que, adem\u00e1s de la corrupci\u00f3n detectada, las obras simplemente no han funcionado.<br>Esperamos que el gobernador ponga por encima de sus objetivos pol\u00edticos la seguridad y el servicio que los nuevoleoneses necesitamos, no vaya a ser que por actuar a las carreras, las obras no presten el servicio para el cual est\u00e1n siendo construidas.<br>El cortoplacismo no ha terminado bien en la historia gubernamental de nuestro pa\u00eds.<br>Esperemos que no sea el caso.<\/p>\n","protected":false},"excerpt":{"rendered":"<p>Ra\u00fal Guajardo Cant\u00fa La mayor\u00eda de los problemas que enfrenta el Nuevo Le\u00f3n, derivan de alguna forma de la concentraci\u00f3n poblacional en el \u00e1rea metropolitana de Monterrey. Aqu\u00ed vivimos m\u00e1s del 80 porciento de los nuevoleoneses.Movilidad, seguridad, abasto de agua, demanda de energ\u00eda, por se\u00f1alar algunos, tienen qu\u00e9 ver con la forma, an\u00e1rquica en qu\u00e9 [&hellip;]<\/p>\n","protected":false},"author":1,"featured_media":119010,"comment_status":"open","ping_status":"open","sticky":true,"template":"","format":"standard","meta":{"footnotes":""},"categories":[14,12],"tags":[],"_links":{"self":[{"href":"https:\/\/diariodigitalmx.com\/index.php\/wp-json\/wp\/v2\/posts\/119008"}],"collection":[{"href":"https:\/\/diariodigitalmx.com\/index.php\/wp-json\/wp\/v2\/posts"}],"about":[{"href":"https:\/\/diariodigitalmx.com\/index.php\/wp-json\/wp\/v2\/types\/post"}],"author":[{"embeddable":true,"href":"https:\/\/diariodigitalmx.com\/index.php\/wp-json\/wp\/v2\/users\/1"}],"replies":[{"embeddable":true,"href":"https:\/\/diariodigitalmx.com\/index.php\/wp-json\/wp\/v2\/comments?post=119008"}],"version-history":[{"count":1,"href":"https:\/\/diariodigitalmx.com\/index.php\/wp-json\/wp\/v2\/posts\/119008\/revisions"}],"predecessor-version":[{"id":119009,"href":"https:\/\/diariodigitalmx.com\/index.php\/wp-json\/wp\/v2\/posts\/119008\/revisions\/119009"}],"wp:featuredmedia":[{"embeddable":true,"href":"https:\/\/diariodigitalmx.com\/index.php\/wp-json\/wp\/v2\/media\/119010"}],"wp:attachment":[{"href":"https:\/\/diariodigitalmx.com\/index.php\/wp-json\/wp\/v2\/media?parent=119008"}],"wp:term":[{"taxonomy":"category","embeddable":true,"href":"https:\/\/diariodigitalmx.com\/index.php\/wp-json\/wp\/v2\/categories?post=119008"},{"taxonomy":"post_tag","embeddable":true,"href":"https:\/\/diariodigitalmx.com\/index.php\/wp-json\/wp\/v2\/tags?post=119008"}],"curies":[{"name":"wp","href":"https:\/\/api.w.org\/{rel}","templated":true}]}}