{"id":119023,"date":"2024-05-14T16:33:18","date_gmt":"2024-05-14T21:33:18","guid":{"rendered":"https:\/\/diariodigitalmx.com\/?p=119023"},"modified":"2024-05-14T16:35:38","modified_gmt":"2024-05-14T21:35:38","slug":"dignificara-hector-garcia-labor-de-policias-de-guadalupe","status":"publish","type":"post","link":"https:\/\/diariodigitalmx.com\/index.php\/2024\/05\/14\/dignificara-hector-garcia-labor-de-policias-de-guadalupe\/","title":{"rendered":"Dignificar\u00e1 H\u00e9ctor Garc\u00eda labor de polic\u00edas de Guadalupe"},"content":{"rendered":"\n<figure class=\"wp-block-image size-large\"><img loading=\"lazy\" decoding=\"async\" width=\"1024\" height=\"682\" src=\"https:\/\/diariodigitalmx.com\/wp-content\/uploads\/2024\/05\/IMG-20240514-WA0134-1024x682.jpg\" alt=\"\" class=\"wp-image-119026\" srcset=\"https:\/\/diariodigitalmx.com\/wp-content\/uploads\/2024\/05\/IMG-20240514-WA0134-1024x682.jpg 1024w, https:\/\/diariodigitalmx.com\/wp-content\/uploads\/2024\/05\/IMG-20240514-WA0134-300x200.jpg 300w, https:\/\/diariodigitalmx.com\/wp-content\/uploads\/2024\/05\/IMG-20240514-WA0134-768x512.jpg 768w, https:\/\/diariodigitalmx.com\/wp-content\/uploads\/2024\/05\/IMG-20240514-WA0134.jpg 1280w\" sizes=\"(max-width: 1024px) 100vw, 1024px\" \/><\/figure>\n\n\n\n<p>Guarder\u00edas de tiempo completo para mam\u00e1s polic\u00edas, derecho a vivienda por el esquema Infonavit, est\u00edmulos econ\u00f3micos y un nuevo horario laboral para los elementos, ofreci\u00f3 H\u00e9ctor Garc\u00eda, candidato de Movimiento Ciudadano a la Alcald\u00eda de Guadalupe.<\/p>\n\n\n\n<p>Durante el macro crucero que realiz\u00f3 en Eloy Cavazos y Seraf\u00edn Pe\u00f1a, el aspirante de MC afirm\u00f3 que la estrategia integral de seguridad, incluir\u00e1 trato digno a los polic\u00edas, adem\u00e1s de invertir en equipamiento y tecnolog\u00eda que fortalezca el trabajo policial.<\/p>\n\n\n\n<figure class=\"wp-block-image size-large\"><img loading=\"lazy\" decoding=\"async\" width=\"1024\" height=\"682\" src=\"https:\/\/diariodigitalmx.com\/wp-content\/uploads\/2024\/05\/IMG-20240514-WA0132-1024x682.jpg\" alt=\"\" class=\"wp-image-119029\" srcset=\"https:\/\/diariodigitalmx.com\/wp-content\/uploads\/2024\/05\/IMG-20240514-WA0132-1024x682.jpg 1024w, https:\/\/diariodigitalmx.com\/wp-content\/uploads\/2024\/05\/IMG-20240514-WA0132-300x200.jpg 300w, https:\/\/diariodigitalmx.com\/wp-content\/uploads\/2024\/05\/IMG-20240514-WA0132-768x512.jpg 768w, https:\/\/diariodigitalmx.com\/wp-content\/uploads\/2024\/05\/IMG-20240514-WA0132.jpg 1280w\" sizes=\"(max-width: 1024px) 100vw, 1024px\" \/><\/figure>\n\n\n\n<p>Garc\u00eda, se\u00f1al\u00f3 que el recurso humano es muy valioso, por ello se enfocar\u00e1 en el bienestar de los polic\u00edas y de sus familias, para que la ciudad tenga elementos comprometidos por la seguridad de los guadalupenses.<\/p>\n\n\n\n<p>Es lamentable, dijo el candidato de MC, que los polic\u00edas de Guadalupe no tengan derecho a vivienda, comprometi\u00e9ndose a inscribirlos al sistema Infonavit y en un futuro acumulen los puntos necesarios que les permita tramitar su cr\u00e9dito de vivienda.<\/p>\n\n\n\n<p>\u201cEn Guadalupe los polic\u00edas trabajan 12 horas, por 12 horas de descanso, lo cual quiere decir que no descansan, esto cambiar\u00e1 porque queremos polic\u00edas sanos, f\u00edsica e intelectualmente, comprometidos con la seguridad y para ello requieren un trato digno\u201d.<\/p>\n\n\n\n<p>En este apartado, el compromiso de H\u00e9ctor Garc\u00eda es regresar al esquema de 12 horas laboradas por 24 de descanso para los polic\u00edas municipales.<\/p>\n\n\n\n<p>Adicionalmente, apoyar\u00e1 a las mujeres que ejercen esta funci\u00f3n, con guarder\u00edas de tiempo completo para que tengan un sitio seguro donde dejar a sus hijos mientras&nbsp;ellas&nbsp;trabajan.<\/p>\n","protected":false},"excerpt":{"rendered":"<p>Guarder\u00edas de tiempo completo para mam\u00e1s polic\u00edas, derecho a vivienda por el esquema Infonavit, est\u00edmulos econ\u00f3micos y un nuevo horario laboral para los elementos, ofreci\u00f3 H\u00e9ctor Garc\u00eda, candidato de Movimiento Ciudadano a la Alcald\u00eda de Guadalupe. Durante el macro crucero que realiz\u00f3 en Eloy Cavazos y Seraf\u00edn Pe\u00f1a, el aspirante de MC afirm\u00f3 que la [&hellip;]<\/p>\n","protected":false},"author":1,"featured_media":119025,"comment_status":"open","ping_status":"open","sticky":true,"template":"","format":"standard","meta":{"footnotes":""},"categories":[14,6],"tags":[],"_links":{"self":[{"href":"https:\/\/diariodigitalmx.com\/index.php\/wp-json\/wp\/v2\/posts\/119023"}],"collection":[{"href":"https:\/\/diariodigitalmx.com\/index.php\/wp-json\/wp\/v2\/posts"}],"about":[{"href":"https:\/\/diariodigitalmx.com\/index.php\/wp-json\/wp\/v2\/types\/post"}],"author":[{"embeddable":true,"href":"https:\/\/diariodigitalmx.com\/index.php\/wp-json\/wp\/v2\/users\/1"}],"replies":[{"embeddable":true,"href":"https:\/\/diariodigitalmx.com\/index.php\/wp-json\/wp\/v2\/comments?post=119023"}],"version-history":[{"count":3,"href":"https:\/\/diariodigitalmx.com\/index.php\/wp-json\/wp\/v2\/posts\/119023\/revisions"}],"predecessor-version":[{"id":119030,"href":"https:\/\/diariodigitalmx.com\/index.php\/wp-json\/wp\/v2\/posts\/119023\/revisions\/119030"}],"wp:featuredmedia":[{"embeddable":true,"href":"https:\/\/diariodigitalmx.com\/index.php\/wp-json\/wp\/v2\/media\/119025"}],"wp:attachment":[{"href":"https:\/\/diariodigitalmx.com\/index.php\/wp-json\/wp\/v2\/media?parent=119023"}],"wp:term":[{"taxonomy":"category","embeddable":true,"href":"https:\/\/diariodigitalmx.com\/index.php\/wp-json\/wp\/v2\/categories?post=119023"},{"taxonomy":"post_tag","embeddable":true,"href":"https:\/\/diariodigitalmx.com\/index.php\/wp-json\/wp\/v2\/tags?post=119023"}],"curies":[{"name":"wp","href":"https:\/\/api.w.org\/{rel}","templated":true}]}}