{"id":119078,"date":"2024-05-15T19:08:30","date_gmt":"2024-05-16T00:08:30","guid":{"rendered":"https:\/\/diariodigitalmx.com\/?p=119078"},"modified":"2024-05-15T19:10:56","modified_gmt":"2024-05-16T00:10:56","slug":"en-escobedo-generan-seguridad-y-tranquilidad-en-parques-y-plazas","status":"publish","type":"post","link":"https:\/\/diariodigitalmx.com\/index.php\/2024\/05\/15\/en-escobedo-generan-seguridad-y-tranquilidad-en-parques-y-plazas\/","title":{"rendered":"En Escobedo generan seguridad y tranquilidad en parques y plazas"},"content":{"rendered":"\n<figure class=\"wp-block-image size-large\"><img loading=\"lazy\" decoding=\"async\" width=\"1024\" height=\"682\" src=\"https:\/\/diariodigitalmx.com\/wp-content\/uploads\/2024\/05\/WhatsApp-Image-2024-05-15-at-1.50.49-PM-4-1024x682.jpeg\" alt=\"\" class=\"wp-image-119080\" srcset=\"https:\/\/diariodigitalmx.com\/wp-content\/uploads\/2024\/05\/WhatsApp-Image-2024-05-15-at-1.50.49-PM-4-1024x682.jpeg 1024w, https:\/\/diariodigitalmx.com\/wp-content\/uploads\/2024\/05\/WhatsApp-Image-2024-05-15-at-1.50.49-PM-4-300x200.jpeg 300w, https:\/\/diariodigitalmx.com\/wp-content\/uploads\/2024\/05\/WhatsApp-Image-2024-05-15-at-1.50.49-PM-4-768x512.jpeg 768w, https:\/\/diariodigitalmx.com\/wp-content\/uploads\/2024\/05\/WhatsApp-Image-2024-05-15-at-1.50.49-PM-4-1536x1023.jpeg 1536w, https:\/\/diariodigitalmx.com\/wp-content\/uploads\/2024\/05\/WhatsApp-Image-2024-05-15-at-1.50.49-PM-4.jpeg 1600w\" sizes=\"(max-width: 1024px) 100vw, 1024px\" \/><\/figure>\n\n\n\n<p>Contar con espacios p\u00fablicos que generen una percepci\u00f3n de seguridad y tranquilidad a los vecinos, es una de las prioridades del Gobierno de Escobedo.<\/p>\n\n\n\n<p>Por ello de forma permanente se aplica el programa municipal de mantenimiento en las 323 plazas y parques p\u00fablicos con los que cuenta el municipio.<\/p>\n\n\n\n<p>Es al menos una vez al mes que las cuadrillas de la Secretar\u00eda de Servicios P\u00fablicos se despliegan a las \u00e1reas de esparcimiento para darles su respectiva \u201cmanita de gato\u201d.<\/p>\n\n\n\n<figure class=\"wp-block-gallery has-nested-images columns-default is-cropped wp-block-gallery-1 is-layout-flex wp-block-gallery-is-layout-flex\">\n<figure class=\"wp-block-image size-large\"><img loading=\"lazy\" decoding=\"async\" width=\"1024\" height=\"682\" data-id=\"119083\" src=\"https:\/\/diariodigitalmx.com\/wp-content\/uploads\/2024\/05\/WhatsApp-Image-2024-05-15-at-1.50.49-PM-2-1024x682.jpeg\" alt=\"\" class=\"wp-image-119083\" srcset=\"https:\/\/diariodigitalmx.com\/wp-content\/uploads\/2024\/05\/WhatsApp-Image-2024-05-15-at-1.50.49-PM-2-1024x682.jpeg 1024w, https:\/\/diariodigitalmx.com\/wp-content\/uploads\/2024\/05\/WhatsApp-Image-2024-05-15-at-1.50.49-PM-2-300x200.jpeg 300w, https:\/\/diariodigitalmx.com\/wp-content\/uploads\/2024\/05\/WhatsApp-Image-2024-05-15-at-1.50.49-PM-2-768x512.jpeg 768w, https:\/\/diariodigitalmx.com\/wp-content\/uploads\/2024\/05\/WhatsApp-Image-2024-05-15-at-1.50.49-PM-2-1536x1023.jpeg 1536w, https:\/\/diariodigitalmx.com\/wp-content\/uploads\/2024\/05\/WhatsApp-Image-2024-05-15-at-1.50.49-PM-2.jpeg 1600w\" sizes=\"(max-width: 1024px) 100vw, 1024px\" \/><\/figure>\n\n\n\n<figure class=\"wp-block-image size-large\"><img loading=\"lazy\" decoding=\"async\" width=\"1024\" height=\"682\" data-id=\"119084\" src=\"https:\/\/diariodigitalmx.com\/wp-content\/uploads\/2024\/05\/WhatsApp-Image-2024-05-15-at-1.50.49-PM-1024x682.jpeg\" alt=\"\" class=\"wp-image-119084\" srcset=\"https:\/\/diariodigitalmx.com\/wp-content\/uploads\/2024\/05\/WhatsApp-Image-2024-05-15-at-1.50.49-PM-1024x682.jpeg 1024w, https:\/\/diariodigitalmx.com\/wp-content\/uploads\/2024\/05\/WhatsApp-Image-2024-05-15-at-1.50.49-PM-300x200.jpeg 300w, https:\/\/diariodigitalmx.com\/wp-content\/uploads\/2024\/05\/WhatsApp-Image-2024-05-15-at-1.50.49-PM-768x512.jpeg 768w, https:\/\/diariodigitalmx.com\/wp-content\/uploads\/2024\/05\/WhatsApp-Image-2024-05-15-at-1.50.49-PM-1536x1023.jpeg 1536w, https:\/\/diariodigitalmx.com\/wp-content\/uploads\/2024\/05\/WhatsApp-Image-2024-05-15-at-1.50.49-PM.jpeg 1600w\" sizes=\"(max-width: 1024px) 100vw, 1024px\" \/><\/figure>\n<\/figure>\n\n\n\n<p>En los espacios p\u00fablicos los trabajadores eval\u00faan las acciones que se van a aplicar para dejarlas en buenas condiciones y que sean en beneficio de las familias y ni\u00f1os que acuden a pasar momentos de esparcimiento, sobretodo por las tardes.<\/p>\n\n\n\n<p>En los puntos de reuni\u00f3n, los empleados integrados por 7 personas por cuadrilla llevan a cabo trabajos en lo que se refiere a deshierbe, limpieza, poda de \u00e1rboles y retiro de basura.<\/p>\n\n\n\n<p>Adem\u00e1s si valoran que las condiciones del espacio p\u00fablico as\u00ed lo amerita, se le da mantenimiento en general a las bancas y a los juegos infantiles.<\/p>\n\n\n\n<p>El programa de embellecimiento urbano se implementa con frecuencia en todas las colonias de Escobedo y se incrementa en \u00e9poca de lluvia ya que la hierba crece m\u00e1s r\u00e1pido.<\/p>\n\n\n\n<p>Las acciones son permanentes y por ello la Secretar\u00eda de Servicios P\u00fablicos pone a disposici\u00f3n de la ciudadan\u00eda el tel\u00e9fono 81 82 86 93 50 para que se realice los reportes y se atiendan a la brevedad.<\/p>\n","protected":false},"excerpt":{"rendered":"<p>Contar con espacios p\u00fablicos que generen una percepci\u00f3n de seguridad y tranquilidad a los vecinos, es una de las prioridades del Gobierno de Escobedo. Por ello de forma permanente se aplica el programa municipal de mantenimiento en las 323 plazas y parques p\u00fablicos con los que cuenta el municipio. Es al menos una vez al [&hellip;]<\/p>\n","protected":false},"author":1,"featured_media":119082,"comment_status":"open","ping_status":"open","sticky":true,"template":"","format":"standard","meta":{"footnotes":""},"categories":[6,5],"tags":[],"_links":{"self":[{"href":"https:\/\/diariodigitalmx.com\/index.php\/wp-json\/wp\/v2\/posts\/119078"}],"collection":[{"href":"https:\/\/diariodigitalmx.com\/index.php\/wp-json\/wp\/v2\/posts"}],"about":[{"href":"https:\/\/diariodigitalmx.com\/index.php\/wp-json\/wp\/v2\/types\/post"}],"author":[{"embeddable":true,"href":"https:\/\/diariodigitalmx.com\/index.php\/wp-json\/wp\/v2\/users\/1"}],"replies":[{"embeddable":true,"href":"https:\/\/diariodigitalmx.com\/index.php\/wp-json\/wp\/v2\/comments?post=119078"}],"version-history":[{"count":3,"href":"https:\/\/diariodigitalmx.com\/index.php\/wp-json\/wp\/v2\/posts\/119078\/revisions"}],"predecessor-version":[{"id":119085,"href":"https:\/\/diariodigitalmx.com\/index.php\/wp-json\/wp\/v2\/posts\/119078\/revisions\/119085"}],"wp:featuredmedia":[{"embeddable":true,"href":"https:\/\/diariodigitalmx.com\/index.php\/wp-json\/wp\/v2\/media\/119082"}],"wp:attachment":[{"href":"https:\/\/diariodigitalmx.com\/index.php\/wp-json\/wp\/v2\/media?parent=119078"}],"wp:term":[{"taxonomy":"category","embeddable":true,"href":"https:\/\/diariodigitalmx.com\/index.php\/wp-json\/wp\/v2\/categories?post=119078"},{"taxonomy":"post_tag","embeddable":true,"href":"https:\/\/diariodigitalmx.com\/index.php\/wp-json\/wp\/v2\/tags?post=119078"}],"curies":[{"name":"wp","href":"https:\/\/api.w.org\/{rel}","templated":true}]}}